{"id":2216,"date":"2020-08-15T09:21:27","date_gmt":"2020-08-15T07:21:27","guid":{"rendered":"https:\/\/www.tierhilfeweidenberg.de\/?p=2216"},"modified":"2020-08-27T14:47:49","modified_gmt":"2020-08-27T12:47:49","slug":"ausflug-in-die-tierauffangstation-das-nest","status":"publish","type":"post","link":"https:\/\/www.tierhilfeweidenberg.de\/en\/ausflug-in-die-tierauffangstation-das-nest\/","title":{"rendered":"Ausflug in die Tierauffangstation &#8216;Das Nest&#8217;"},"content":{"rendered":"<p><img loading=\"lazy\" decoding=\"async\" class=\"alignnone size-medium wp-image-2217\" src=\"https:\/\/www.tierhilfeweidenberg.de\/wp-content\/uploads\/2020\/08\/20200815_083006-300x300.jpg\" alt=\"\" width=\"300\" height=\"300\" srcset=\"https:\/\/www.tierhilfeweidenberg.de\/wp-content\/uploads\/2020\/08\/20200815_083006-300x300.jpg 300w, https:\/\/www.tierhilfeweidenberg.de\/wp-content\/uploads\/2020\/08\/20200815_083006-150x150.jpg 150w, https:\/\/www.tierhilfeweidenberg.de\/wp-content\/uploads\/2020\/08\/20200815_083006-768x768.jpg 768w, https:\/\/www.tierhilfeweidenberg.de\/wp-content\/uploads\/2020\/08\/20200815_083006-1024x1024.jpg 1024w, https:\/\/www.tierhilfeweidenberg.de\/wp-content\/uploads\/2020\/08\/20200815_083006.jpg 1080w\" sizes=\"auto, (max-width: 300px) 100vw, 300px\" \/>\u00a0<img loading=\"lazy\" decoding=\"async\" class=\"alignnone size-medium wp-image-2218\" src=\"https:\/\/www.tierhilfeweidenberg.de\/wp-content\/uploads\/2020\/08\/photocollage_20208158951595-300x300.jpg\" alt=\"\" width=\"300\" height=\"300\" srcset=\"https:\/\/www.tierhilfeweidenberg.de\/wp-content\/uploads\/2020\/08\/photocollage_20208158951595-300x300.jpg 300w, https:\/\/www.tierhilfeweidenberg.de\/wp-content\/uploads\/2020\/08\/photocollage_20208158951595-150x150.jpg 150w, https:\/\/www.tierhilfeweidenberg.de\/wp-content\/uploads\/2020\/08\/photocollage_20208158951595-768x768.jpg 768w, https:\/\/www.tierhilfeweidenberg.de\/wp-content\/uploads\/2020\/08\/photocollage_20208158951595-1024x1024.jpg 1024w, https:\/\/www.tierhilfeweidenberg.de\/wp-content\/uploads\/2020\/08\/photocollage_20208158951595.jpg 1080w\" sizes=\"auto, (max-width: 300px) 100vw, 300px\" \/><\/p>\n<p>Die Tierhilfe Weidenberg interessiert sich sehr f\u00fcr die Arbeit anderer Organisationen, die sich dem Schutz und der Rettung von Tieren verschrieben haben.<\/p>\n<p><img loading=\"lazy\" decoding=\"async\" class=\"alignnone size-medium wp-image-2219\" src=\"https:\/\/www.tierhilfeweidenberg.de\/wp-content\/uploads\/2020\/08\/photocollage_202081581121669-300x300.jpg\" alt=\"\" width=\"300\" height=\"300\" srcset=\"https:\/\/www.tierhilfeweidenberg.de\/wp-content\/uploads\/2020\/08\/photocollage_202081581121669-300x300.jpg 300w, https:\/\/www.tierhilfeweidenberg.de\/wp-content\/uploads\/2020\/08\/photocollage_202081581121669-150x150.jpg 150w, https:\/\/www.tierhilfeweidenberg.de\/wp-content\/uploads\/2020\/08\/photocollage_202081581121669-768x768.jpg 768w, https:\/\/www.tierhilfeweidenberg.de\/wp-content\/uploads\/2020\/08\/photocollage_202081581121669-1024x1024.jpg 1024w, https:\/\/www.tierhilfeweidenberg.de\/wp-content\/uploads\/2020\/08\/photocollage_202081581121669.jpg 1080w\" sizes=\"auto, (max-width: 300px) 100vw, 300px\" \/>\u00a0<img loading=\"lazy\" decoding=\"async\" class=\"alignnone size-medium wp-image-2220\" src=\"https:\/\/www.tierhilfeweidenberg.de\/wp-content\/uploads\/2020\/08\/photocollage_20208158456955-300x300.jpg\" alt=\"\" width=\"300\" height=\"300\" srcset=\"https:\/\/www.tierhilfeweidenberg.de\/wp-content\/uploads\/2020\/08\/photocollage_20208158456955-300x300.jpg 300w, https:\/\/www.tierhilfeweidenberg.de\/wp-content\/uploads\/2020\/08\/photocollage_20208158456955-150x150.jpg 150w, https:\/\/www.tierhilfeweidenberg.de\/wp-content\/uploads\/2020\/08\/photocollage_20208158456955-768x768.jpg 768w, https:\/\/www.tierhilfeweidenberg.de\/wp-content\/uploads\/2020\/08\/photocollage_20208158456955-1024x1024.jpg 1024w, https:\/\/www.tierhilfeweidenberg.de\/wp-content\/uploads\/2020\/08\/photocollage_20208158456955.jpg 1080w\" sizes=\"auto, (max-width: 300px) 100vw, 300px\" \/><\/p>\n<p>Unser gestriger Weg f\u00fchrte uns in die Auffangstation &#8220;Das Nest&#8221; in K\u00fcmmersbuch bei Hahnbach.<\/p>\n<p><img loading=\"lazy\" decoding=\"async\" class=\"alignnone size-medium wp-image-2221\" src=\"https:\/\/www.tierhilfeweidenberg.de\/wp-content\/uploads\/2020\/08\/photocollage_2020815833474-300x300.jpg\" alt=\"\" width=\"300\" height=\"300\" srcset=\"https:\/\/www.tierhilfeweidenberg.de\/wp-content\/uploads\/2020\/08\/photocollage_2020815833474-300x300.jpg 300w, https:\/\/www.tierhilfeweidenberg.de\/wp-content\/uploads\/2020\/08\/photocollage_2020815833474-150x150.jpg 150w, https:\/\/www.tierhilfeweidenberg.de\/wp-content\/uploads\/2020\/08\/photocollage_2020815833474-768x768.jpg 768w, https:\/\/www.tierhilfeweidenberg.de\/wp-content\/uploads\/2020\/08\/photocollage_2020815833474-1024x1024.jpg 1024w, https:\/\/www.tierhilfeweidenberg.de\/wp-content\/uploads\/2020\/08\/photocollage_2020815833474.jpg 1080w\" sizes=\"auto, (max-width: 300px) 100vw, 300px\" \/><\/p>\n<p>Von Hans, Simone und Klaus wurden wir sehr herzlich empfangen und durch das weitl\u00e4ufige Areal gef\u00fchrt, auf dem man sich liebevoll und voller Leidenschaft um eine Vielzahl an Wildtieren und Exoten k\u00fcmmert.<\/p>\n<p><img loading=\"lazy\" decoding=\"async\" class=\"alignnone size-medium wp-image-2222\" src=\"https:\/\/www.tierhilfeweidenberg.de\/wp-content\/uploads\/2020\/08\/photocollage_202081575510599-300x225.jpg\" alt=\"\" width=\"300\" height=\"225\" srcset=\"https:\/\/www.tierhilfeweidenberg.de\/wp-content\/uploads\/2020\/08\/photocollage_202081575510599-300x225.jpg 300w, https:\/\/www.tierhilfeweidenberg.de\/wp-content\/uploads\/2020\/08\/photocollage_202081575510599-768x576.jpg 768w, https:\/\/www.tierhilfeweidenberg.de\/wp-content\/uploads\/2020\/08\/photocollage_202081575510599-1024x768.jpg 1024w, https:\/\/www.tierhilfeweidenberg.de\/wp-content\/uploads\/2020\/08\/photocollage_202081575510599.jpg 1080w\" sizes=\"auto, (max-width: 300px) 100vw, 300px\" \/><\/p>\n<p>F\u00fcr unser Geburtstagskind Melly ging ein kleiner Traum in Erf\u00fcllung: durfte sie doch dem pfiffigen Waschb\u00e4ren Heini in seinem Gehege ganz nah sein. Aber Vorsicht! Der vorwitzige Heini greift sich alles, was aus irgendwelchen Hosentaschen herauslugt.<\/p>\n<p><img loading=\"lazy\" decoding=\"async\" class=\"alignnone size-medium wp-image-2223\" src=\"https:\/\/www.tierhilfeweidenberg.de\/wp-content\/uploads\/2020\/08\/photocollage_202081575810698-300x300.jpg\" alt=\"\" width=\"300\" height=\"300\" srcset=\"https:\/\/www.tierhilfeweidenberg.de\/wp-content\/uploads\/2020\/08\/photocollage_202081575810698-300x300.jpg 300w, https:\/\/www.tierhilfeweidenberg.de\/wp-content\/uploads\/2020\/08\/photocollage_202081575810698-150x150.jpg 150w, https:\/\/www.tierhilfeweidenberg.de\/wp-content\/uploads\/2020\/08\/photocollage_202081575810698-768x768.jpg 768w, https:\/\/www.tierhilfeweidenberg.de\/wp-content\/uploads\/2020\/08\/photocollage_202081575810698-1024x1024.jpg 1024w, https:\/\/www.tierhilfeweidenberg.de\/wp-content\/uploads\/2020\/08\/photocollage_202081575810698.jpg 1080w\" sizes=\"auto, (max-width: 300px) 100vw, 300px\" \/><\/p>\n<p>Besonderen Eindruck hinterlie\u00df bei uns allen der sanfte Riese Gustl ?, der sich von Anfang an an unsere Fersen heftete und von unseren Streicheleinheiten nicht genug bekommen konnte.<\/p>\n<p>&#8220;Das Nest&#8221; finanziert sich ausschlie\u00dflich privat sowie \u00fcber Spendengelder und besteht rein aus ehrenamtlichen Helfern, die ihre gesamte Freizeit ihrer Passion widmen: dem Schutz und der Pflege von Wildtieren und Exoten.<\/p>\n<p><img loading=\"lazy\" decoding=\"async\" class=\"alignnone size-medium wp-image-2224\" src=\"https:\/\/www.tierhilfeweidenberg.de\/wp-content\/uploads\/2020\/08\/photocollage_202081583524650-300x300.jpg\" alt=\"\" width=\"300\" height=\"300\" srcset=\"https:\/\/www.tierhilfeweidenberg.de\/wp-content\/uploads\/2020\/08\/photocollage_202081583524650-300x300.jpg 300w, https:\/\/www.tierhilfeweidenberg.de\/wp-content\/uploads\/2020\/08\/photocollage_202081583524650-150x150.jpg 150w, https:\/\/www.tierhilfeweidenberg.de\/wp-content\/uploads\/2020\/08\/photocollage_202081583524650-768x768.jpg 768w, https:\/\/www.tierhilfeweidenberg.de\/wp-content\/uploads\/2020\/08\/photocollage_202081583524650-1024x1024.jpg 1024w, https:\/\/www.tierhilfeweidenberg.de\/wp-content\/uploads\/2020\/08\/photocollage_202081583524650.jpg 1080w\" sizes=\"auto, (max-width: 300px) 100vw, 300px\" \/><\/p>\n<p>Vielen Dank f\u00fcr diesen wundersch\u00f6nen Nachmittag! Wir kommen bestimmt bald wieder.<\/p>\n","protected":false},"excerpt":{"rendered":"<p>\u00a0 Die Tierhilfe Weidenberg interessiert sich sehr f\u00fcr die Arbeit anderer Organisationen, die sich dem Schutz und der Rettung von Tieren verschrieben haben. \u00a0 Unser gestriger Weg f\u00fchrte uns in &hellip; <a href=\"https:\/\/www.tierhilfeweidenberg.de\/en\/ausflug-in-die-tierauffangstation-das-nest\/\" class=\"more-link\">Continue reading <span class=\"screen-reader-text\">Ausflug in die Tierauffangstation &#8216;Das Nest&#8217;<\/span> <span class=\"meta-nav\">&rarr;<\/span><\/a><\/p>\n","protected":false},"author":2,"featured_media":0,"comment_status":"closed","ping_status":"open","sticky":false,"template":"","format":"standard","meta":{"_EventAllDay":false,"_EventTimezone":"","_EventStartDate":"","_EventEndDate":"","_EventStartDateUTC":"","_EventEndDateUTC":"","_EventShowMap":false,"_EventShowMapLink":false,"_EventURL":"","_EventCost":"","_EventCostDescription":"","_EventCurrencySymbol":"","_EventCurrencyCode":"","_EventCurrencyPosition":"","_EventDateTimeSeparator":"","_EventTimeRangeSeparator":"","_EventOrganizerID":[],"_EventVenueID":[],"_OrganizerEmail":"","_OrganizerPhone":"","_OrganizerWebsite":"","_VenueAddress":"","_VenueCity":"","_VenueCountry":"","_VenueProvince":"","_VenueState":"","_VenueZip":"","_VenuePhone":"","_VenueURL":"","_VenueStateProvince":"","_VenueLat":"","_VenueLng":"","_VenueShowMap":false,"_VenueShowMapLink":false,"footnotes":""},"categories":[1],"tags":[],"class_list":["post-2216","post","type-post","status-publish","format-standard","hentry","category-allgemein"],"translation":{"provider":"WPGlobus","version":"3.0.2","language":"en","enabled_languages":["de","en"],"languages":{"de":{"title":true,"content":true,"excerpt":false},"en":{"title":false,"content":false,"excerpt":false}}},"rttpg_featured_image_url":null,"rttpg_author":{"display_name":"Tierhilfe Weidenberg","author_link":"https:\/\/www.tierhilfeweidenberg.de\/en\/author\/moderator\/"},"rttpg_comment":0,"rttpg_category":"<a href=\"https:\/\/www.tierhilfeweidenberg.de\/en\/category\/allgemein\/\" rel=\"category tag\">Allgemein<\/a>","rttpg_excerpt":"\u00a0 Die Tierhilfe Weidenberg interessiert sich sehr f\u00fcr die Arbeit anderer Organisationen, die sich dem Schutz und der Rettung von Tieren verschrieben haben. \u00a0 Unser gestriger Weg f\u00fchrte uns in &hellip; Continue reading Ausflug in die Tierauffangstation &#8216;Das Nest&#8217; &rarr;","_links":{"self":[{"href":"https:\/\/www.tierhilfeweidenberg.de\/en\/wp-json\/wp\/v2\/posts\/2216","targetHints":{"allow":["GET"]}}],"collection":[{"href":"https:\/\/www.tierhilfeweidenberg.de\/en\/wp-json\/wp\/v2\/posts"}],"about":[{"href":"https:\/\/www.tierhilfeweidenberg.de\/en\/wp-json\/wp\/v2\/types\/post"}],"author":[{"embeddable":true,"href":"https:\/\/www.tierhilfeweidenberg.de\/en\/wp-json\/wp\/v2\/users\/2"}],"replies":[{"embeddable":true,"href":"https:\/\/www.tierhilfeweidenberg.de\/en\/wp-json\/wp\/v2\/comments?post=2216"}],"version-history":[{"count":4,"href":"https:\/\/www.tierhilfeweidenberg.de\/en\/wp-json\/wp\/v2\/posts\/2216\/revisions"}],"predecessor-version":[{"id":2262,"href":"https:\/\/www.tierhilfeweidenberg.de\/en\/wp-json\/wp\/v2\/posts\/2216\/revisions\/2262"}],"wp:attachment":[{"href":"https:\/\/www.tierhilfeweidenberg.de\/en\/wp-json\/wp\/v2\/media?parent=2216"}],"wp:term":[{"taxonomy":"category","embeddable":true,"href":"https:\/\/www.tierhilfeweidenberg.de\/en\/wp-json\/wp\/v2\/categories?post=2216"},{"taxonomy":"post_tag","embeddable":true,"href":"https:\/\/www.tierhilfeweidenberg.de\/en\/wp-json\/wp\/v2\/tags?post=2216"}],"curies":[{"name":"wp","href":"https:\/\/api.w.org\/{rel}","templated":true}]}}