{"id":2777,"date":"2022-01-05T08:37:52","date_gmt":"2022-01-05T07:37:52","guid":{"rendered":"https:\/\/www.tierhilfeweidenberg.de\/?p=2777"},"modified":"2022-07-18T14:56:56","modified_gmt":"2022-07-18T12:56:56","slug":"unsere-katzen-im-katzentempel-nuernberg","status":"publish","type":"post","link":"https:\/\/www.tierhilfeweidenberg.de\/en\/unsere-katzen-im-katzentempel-nuernberg\/","title":{"rendered":"Unsere Katzen im Katzentempel N\u00fcrnberg"},"content":{"rendered":"<p><img loading=\"lazy\" decoding=\"async\" class=\"alignnone size-medium wp-image-2783\" src=\"https:\/\/www.tierhilfeweidenberg.de\/wp-content\/uploads\/2022\/01\/20220105_084347-300x300.jpg\" alt=\"\" width=\"300\" height=\"300\" srcset=\"https:\/\/www.tierhilfeweidenberg.de\/wp-content\/uploads\/2022\/01\/20220105_084347-300x300.jpg 300w, https:\/\/www.tierhilfeweidenberg.de\/wp-content\/uploads\/2022\/01\/20220105_084347-150x150.jpg 150w, https:\/\/www.tierhilfeweidenberg.de\/wp-content\/uploads\/2022\/01\/20220105_084347.jpg 718w\" sizes=\"auto, (max-width: 300px) 100vw, 300px\" \/><\/p>\n<p>In den letzten Wochen hat uns ein interessantes Gro\u00dfprojekt besch\u00e4ftigt, das erstmal der Geheimhaltung unterlag \ud83e\udd2b.<!--more--><\/p>\n<p>Wir freuen uns, Euch jetzt von diesem wundervollen Projekt berichten zu k\u00f6nnen! Im November 2021 erhielten wir eine Anfrage f\u00fcr 6 Katzen im Alter von ca. 6 Monaten, die besonders verschmust und menschenbezogen sind.<\/p>\n<p>Sie sollten in den Katzentempel in N\u00fcrnberg (https:\/\/katzentempel.de\/standorte\/nuernberg\/ )ziehen \ud83d\ude3b, bei dem es sich um\u00a0ein Caf\u00e9 handelt, in dem man in k\u00e4tzischer Gesellschaft vegane und vegetarische Speisen genie\u00dfen kann.<\/p>\n<p>Wir \u00fcberlegten intensiv, welche Katzen daf\u00fcr infrage kommen k\u00f6nnten und setzten die entsprechenden Tiere, die vorher auf mehreren Pflegestellen verteilt waren, zu unserer Melly nach Pegnitz. Dort wurden die 6 jungen Katzen zusammengef\u00fchrt und entwickelten sich schon nach kurzer Zeit zu einem eingespielten, harmonischen Team. Ein bisschen Training war auch schon einmal angesagt:\u00a0 klapperndes Geschirr und St\u00fchle herumr\u00fccken wurde mit Gelassenheit akzeptiert.<br \/>\nAm 28.12.21 war es dann soweit, unsere Sch\u00fctzlinge bezogen ihren neuen Wirkungskreis und bald ist ihr erster &#8220;Arbeitstag&#8221;.<br \/>\nWir freuen uns, dass alles so gut geklappt hat und bedanken uns bei Amina f\u00fcr die gute Zusammenarbeit.<\/p>\n<p>Unsere 6 Tempelkatzen:<\/p>\n<p><img loading=\"lazy\" decoding=\"async\" class=\"alignnone size-medium wp-image-2779\" src=\"https:\/\/www.tierhilfeweidenberg.de\/wp-content\/uploads\/2022\/01\/20220105_075556-300x294.jpg\" alt=\"\" width=\"300\" height=\"294\" srcset=\"https:\/\/www.tierhilfeweidenberg.de\/wp-content\/uploads\/2022\/01\/20220105_075556-300x294.jpg 300w, https:\/\/www.tierhilfeweidenberg.de\/wp-content\/uploads\/2022\/01\/20220105_075556.jpg 720w\" sizes=\"auto, (max-width: 300px) 100vw, 300px\" \/><\/p>\n<p>Elli, Findus und Finchen:<\/p>\n<p>Die drei Geschwister stammen aus einer Einfang- und Kastrationsaktion auf einem Bauernhof im Landkreis Bayreuth, auf dem sich eine gro\u00dfe Population angesiedelt hatte. Die drei damals 4 Wochen alten Kitten wurden mit samt ihrer Mama auf eine unserer liebevollen Pflegestellen verbracht. Anfangs gab es laute Fauchkonzerte &#8211; immerhin kannten die 4 ja noch keine Menschen. Schnell fassten die Katzen jedoch Vertrauen und forderten gew\u00fcnschte Streicheleinheiten lautstark ein.<\/p>\n<p>Mickey &amp; Tommy:<\/p>\n<p>Die zwei Br\u00fcder \u00fcbernahmen wir aus einem Animal Hoarding Fall im Landkreis Tirschenreuth. Mit ihren damals 8 Wochen war die Aussicht auf schnelle Sozialisierung der wilden K\u00e4tzchen sehr gut. Die anf\u00e4ngliche Skepsis uns Menschen gegen\u00fcber war rasch verflogen, so dass aus den aufgeweckten Burschen schnell neugierige verschmuste Kater wurden.<\/p>\n<p>Siva:<\/p>\n<p>Siva stammt von einem v\u00f6llig verwahrlosten Grundst\u00fcck im Landkreis Bayreuth, auf dem wir im Sommer 2021 auf einen Hinweis hin aktiv wurden. Insgesamt nahmen wir dort 13 Kitten und drei hochtragende junge Katzen in unsere Obhut.<\/p>\n<p>Siva zeigte sich von Anfang sehr zutraulich und menschenbezogen und liebt es, ausgiebig beschmust zu werden.<\/p>\n","protected":false},"excerpt":{"rendered":"<p>In den letzten Wochen hat uns ein interessantes Gro\u00dfprojekt besch\u00e4ftigt, das erstmal der Geheimhaltung unterlag \ud83e\udd2b.<\/p>\n","protected":false},"author":2,"featured_media":0,"comment_status":"closed","ping_status":"open","sticky":false,"template":"","format":"standard","meta":{"_EventAllDay":false,"_EventTimezone":"","_EventStartDate":"","_EventEndDate":"","_EventStartDateUTC":"","_EventEndDateUTC":"","_EventShowMap":false,"_EventShowMapLink":false,"_EventURL":"","_EventCost":"","_EventCostDescription":"","_EventCurrencySymbol":"","_EventCurrencyCode":"","_EventCurrencyPosition":"","_EventDateTimeSeparator":"","_EventTimeRangeSeparator":"","_EventOrganizerID":[],"_EventVenueID":[],"_OrganizerEmail":"","_OrganizerPhone":"","_OrganizerWebsite":"","_VenueAddress":"","_VenueCity":"","_VenueCountry":"","_VenueProvince":"","_VenueState":"","_VenueZip":"","_VenuePhone":"","_VenueURL":"","_VenueStateProvince":"","_VenueLat":"","_VenueLng":"","_VenueShowMap":false,"_VenueShowMapLink":false,"footnotes":""},"categories":[1],"tags":[],"class_list":["post-2777","post","type-post","status-publish","format-standard","hentry","category-allgemein"],"translation":{"provider":"WPGlobus","version":"3.0.2","language":"en","enabled_languages":["de","en"],"languages":{"de":{"title":true,"content":true,"excerpt":false},"en":{"title":false,"content":false,"excerpt":false}}},"rttpg_featured_image_url":null,"rttpg_author":{"display_name":"Tierhilfe Weidenberg","author_link":"https:\/\/www.tierhilfeweidenberg.de\/en\/author\/moderator\/"},"rttpg_comment":0,"rttpg_category":"<a href=\"https:\/\/www.tierhilfeweidenberg.de\/en\/category\/allgemein\/\" rel=\"category tag\">Allgemein<\/a>","rttpg_excerpt":"In den letzten Wochen hat uns ein interessantes Gro\u00dfprojekt besch\u00e4ftigt, das erstmal der Geheimhaltung unterlag \ud83e\udd2b.","_links":{"self":[{"href":"https:\/\/www.tierhilfeweidenberg.de\/en\/wp-json\/wp\/v2\/posts\/2777","targetHints":{"allow":["GET"]}}],"collection":[{"href":"https:\/\/www.tierhilfeweidenberg.de\/en\/wp-json\/wp\/v2\/posts"}],"about":[{"href":"https:\/\/www.tierhilfeweidenberg.de\/en\/wp-json\/wp\/v2\/types\/post"}],"author":[{"embeddable":true,"href":"https:\/\/www.tierhilfeweidenberg.de\/en\/wp-json\/wp\/v2\/users\/2"}],"replies":[{"embeddable":true,"href":"https:\/\/www.tierhilfeweidenberg.de\/en\/wp-json\/wp\/v2\/comments?post=2777"}],"version-history":[{"count":8,"href":"https:\/\/www.tierhilfeweidenberg.de\/en\/wp-json\/wp\/v2\/posts\/2777\/revisions"}],"predecessor-version":[{"id":2998,"href":"https:\/\/www.tierhilfeweidenberg.de\/en\/wp-json\/wp\/v2\/posts\/2777\/revisions\/2998"}],"wp:attachment":[{"href":"https:\/\/www.tierhilfeweidenberg.de\/en\/wp-json\/wp\/v2\/media?parent=2777"}],"wp:term":[{"taxonomy":"category","embeddable":true,"href":"https:\/\/www.tierhilfeweidenberg.de\/en\/wp-json\/wp\/v2\/categories?post=2777"},{"taxonomy":"post_tag","embeddable":true,"href":"https:\/\/www.tierhilfeweidenberg.de\/en\/wp-json\/wp\/v2\/tags?post=2777"}],"curies":[{"name":"wp","href":"https:\/\/api.w.org\/{rel}","templated":true}]}}