{"id":320,"date":"2017-07-18T17:02:43","date_gmt":"2017-07-18T15:02:43","guid":{"rendered":"http:\/\/www.tierhilfeweidenberg.de\/?p=320"},"modified":"2017-07-18T17:02:43","modified_gmt":"2017-07-18T15:02:43","slug":"sommerfest-des-tierheims-bayreuth-2017","status":"publish","type":"post","link":"https:\/\/www.tierhilfeweidenberg.de\/en\/sommerfest-des-tierheims-bayreuth-2017\/","title":{"rendered":"Sommerfest des Tierheims Bayreuth 2017"},"content":{"rendered":"<p>Am Sonntag, 16. Juli 2017,\u00a0haben wir uns mit einem Info-Stand sowie Kinderschminken und Klebe-Tattoos am Sommerfest des Tierheims Bayreuth beteiligt. Wir danken dem Team des Tierheims f\u00fcr die Einladung und die Organisation dieser bunten und vielf\u00e4ltigen Veranstaltung! Au\u00dferdem allen, die uns an unserem Stand besucht, Interesse an unserer Arbeit gezeigt und uns mit Spenden unterst\u00fctzt haben!<\/p>\n<p><img loading=\"lazy\" decoding=\"async\" class=\"alignnone size-medium wp-image-316\" src=\"https:\/\/www.tierhilfeweidenberg.de\/wp-content\/uploads\/2017\/07\/Download1-225x300.jpg\" alt=\"\" width=\"225\" height=\"300\" \/><img loading=\"lazy\" decoding=\"async\" class=\"alignnone size-medium wp-image-317\" src=\"https:\/\/www.tierhilfeweidenberg.de\/wp-content\/uploads\/2017\/07\/Download2-300x225.jpg\" alt=\"\" width=\"300\" height=\"225\" \/><img loading=\"lazy\" decoding=\"async\" class=\"alignnone size-medium wp-image-318\" src=\"https:\/\/www.tierhilfeweidenberg.de\/wp-content\/uploads\/2017\/07\/Download3-300x225.jpg\" alt=\"\" width=\"300\" height=\"225\" \/><img loading=\"lazy\" decoding=\"async\" class=\"alignnone size-medium wp-image-319\" src=\"https:\/\/www.tierhilfeweidenberg.de\/wp-content\/uploads\/2017\/07\/Download4-300x225.jpg\" alt=\"\" width=\"300\" height=\"225\" \/><\/p>\n","protected":false},"excerpt":{"rendered":"<p>Am Sonntag, 16. Juli 2017,\u00a0haben wir uns mit einem Info-Stand sowie Kinderschminken und Klebe-Tattoos am Sommerfest des Tierheims Bayreuth beteiligt. Wir danken dem Team des Tierheims f\u00fcr die Einladung und &hellip; <a href=\"https:\/\/www.tierhilfeweidenberg.de\/en\/sommerfest-des-tierheims-bayreuth-2017\/\" class=\"more-link\">Continue reading <span class=\"screen-reader-text\">Sommerfest des Tierheims Bayreuth 2017<\/span> <span class=\"meta-nav\">&rarr;<\/span><\/a><\/p>\n","protected":false},"author":2,"featured_media":0,"comment_status":"closed","ping_status":"open","sticky":false,"template":"","format":"standard","meta":{"_EventAllDay":false,"_EventTimezone":"","_EventStartDate":"","_EventEndDate":"","_EventStartDateUTC":"","_EventEndDateUTC":"","_EventShowMap":false,"_EventShowMapLink":false,"_EventURL":"","_EventCost":"","_EventCostDescription":"","_EventCurrencySymbol":"","_EventCurrencyCode":"","_EventCurrencyPosition":"","_EventDateTimeSeparator":"","_EventTimeRangeSeparator":"","_EventOrganizerID":[],"_EventVenueID":[],"_OrganizerEmail":"","_OrganizerPhone":"","_OrganizerWebsite":"","_VenueAddress":"","_VenueCity":"","_VenueCountry":"","_VenueProvince":"","_VenueState":"","_VenueZip":"","_VenuePhone":"","_VenueURL":"","_VenueStateProvince":"","_VenueLat":"","_VenueLng":"","_VenueShowMap":false,"_VenueShowMapLink":false,"footnotes":""},"categories":[12],"tags":[],"class_list":["post-320","post","type-post","status-publish","format-standard","hentry","category-aktionen"],"translation":{"provider":"WPGlobus","version":"3.0.2","language":"en","enabled_languages":["de","en"],"languages":{"de":{"title":true,"content":true,"excerpt":false},"en":{"title":false,"content":false,"excerpt":false}}},"rttpg_featured_image_url":null,"rttpg_author":{"display_name":"Tierhilfe Weidenberg","author_link":"https:\/\/www.tierhilfeweidenberg.de\/en\/author\/moderator\/"},"rttpg_comment":0,"rttpg_category":"<a href=\"https:\/\/www.tierhilfeweidenberg.de\/en\/category\/aktionen\/\" rel=\"category tag\">Aktionen<\/a>","rttpg_excerpt":"Am Sonntag, 16. Juli 2017,\u00a0haben wir uns mit einem Info-Stand sowie Kinderschminken und Klebe-Tattoos am Sommerfest des Tierheims Bayreuth beteiligt. Wir danken dem Team des Tierheims f\u00fcr die Einladung und &hellip; Continue reading Sommerfest des Tierheims Bayreuth 2017 &rarr;","_links":{"self":[{"href":"https:\/\/www.tierhilfeweidenberg.de\/en\/wp-json\/wp\/v2\/posts\/320","targetHints":{"allow":["GET"]}}],"collection":[{"href":"https:\/\/www.tierhilfeweidenberg.de\/en\/wp-json\/wp\/v2\/posts"}],"about":[{"href":"https:\/\/www.tierhilfeweidenberg.de\/en\/wp-json\/wp\/v2\/types\/post"}],"author":[{"embeddable":true,"href":"https:\/\/www.tierhilfeweidenberg.de\/en\/wp-json\/wp\/v2\/users\/2"}],"replies":[{"embeddable":true,"href":"https:\/\/www.tierhilfeweidenberg.de\/en\/wp-json\/wp\/v2\/comments?post=320"}],"version-history":[{"count":1,"href":"https:\/\/www.tierhilfeweidenberg.de\/en\/wp-json\/wp\/v2\/posts\/320\/revisions"}],"predecessor-version":[{"id":321,"href":"https:\/\/www.tierhilfeweidenberg.de\/en\/wp-json\/wp\/v2\/posts\/320\/revisions\/321"}],"wp:attachment":[{"href":"https:\/\/www.tierhilfeweidenberg.de\/en\/wp-json\/wp\/v2\/media?parent=320"}],"wp:term":[{"taxonomy":"category","embeddable":true,"href":"https:\/\/www.tierhilfeweidenberg.de\/en\/wp-json\/wp\/v2\/categories?post=320"},{"taxonomy":"post_tag","embeddable":true,"href":"https:\/\/www.tierhilfeweidenberg.de\/en\/wp-json\/wp\/v2\/tags?post=320"}],"curies":[{"name":"wp","href":"https:\/\/api.w.org\/{rel}","templated":true}]}}