{"id":341,"date":"2017-07-22T12:35:05","date_gmt":"2017-07-22T10:35:05","guid":{"rendered":"http:\/\/www.tierhilfeweidenberg.de\/?p=341"},"modified":"2017-07-22T12:35:05","modified_gmt":"2017-07-22T10:35:05","slug":"schueler-des-mwg-schreiben-ueber-unseren-verein","status":"publish","type":"post","link":"https:\/\/www.tierhilfeweidenberg.de\/en\/schueler-des-mwg-schreiben-ueber-unseren-verein\/","title":{"rendered":"Sch\u00fcler des MWG schreiben \u00fcber unseren Verein"},"content":{"rendered":"<div>\n<div>\n<div class=\"_1mf _1mj\"><span>Die Klasse 7C des Markgr\u00e4fin-Wilhelmine-Gymnasiums in Bayreuth hat im Rahmen der Projektwoche eine Zeitschrift mit Umweltnachrichten aus der Region erstellt.\u00a0\u00a0\u00a0 Die Sch\u00fcler haben sich mit Vereinen und Organisationen besch\u00e4ftigt, die im Tier- und Umweltschutz t\u00e4tig sind, u. a. dem Tiergnadenhof in Pegnitz, Casa Animale in Gefrees, Bleed in Helmbrechts und vielen anderen.<\/span><\/div>\n<div><\/div>\n<\/div>\n<div>\n<div class=\"_1mf _1mj\"><span>Auch die Tierhilfe Weidenberg wurde auf einer ganzen Seite vorgestellt. Wir danken daf\u00fcr und bewundern das Engagement der jungen Menschen und ihren Lehrern.<\/span><\/div>\n<div><\/div>\n<\/div>\n<div>\n<div class=\"_1mf _1mj\"><span>Die Zeitschrift &#8220;Animal Times&#8221; wurde dann am 21. Juli 2017 im Rahmen des Sommerfests an der Schule an Eltern und Besucher\u00a0verkauft, den Erl\u00f6s spenden die Sch\u00fcler an den Verein R\u00fcsselheim e. V., der geretteten Mastschweinen ein Zuhause gibt.<\/span><\/div>\n<\/div>\n<div><img loading=\"lazy\" decoding=\"async\" class=\"alignnone size-medium wp-image-342\" src=\"https:\/\/www.tierhilfeweidenberg.de\/wp-content\/uploads\/2017\/07\/Sch\u00fclerzeitung4-300x225.jpg\" alt=\"\" width=\"300\" height=\"225\" \/><img loading=\"lazy\" decoding=\"async\" class=\"alignnone size-medium wp-image-343\" src=\"https:\/\/www.tierhilfeweidenberg.de\/wp-content\/uploads\/2017\/07\/Sch\u00fclerzeitung3-225x300.jpg\" alt=\"\" width=\"225\" height=\"300\" \/><img loading=\"lazy\" decoding=\"async\" class=\"alignnone size-medium wp-image-344\" src=\"https:\/\/www.tierhilfeweidenberg.de\/wp-content\/uploads\/2017\/07\/Sch\u00fclerzeitung2-225x300.jpg\" alt=\"\" width=\"225\" height=\"300\" \/><img loading=\"lazy\" decoding=\"async\" class=\"alignnone size-medium wp-image-345\" src=\"https:\/\/www.tierhilfeweidenberg.de\/wp-content\/uploads\/2017\/07\/Sch\u00fclerzeitung1-300x225.jpg\" alt=\"\" width=\"300\" height=\"225\" \/><\/div>\n<\/div>\n","protected":false},"excerpt":{"rendered":"<p>Die Klasse 7C des Markgr\u00e4fin-Wilhelmine-Gymnasiums in Bayreuth hat im Rahmen der Projektwoche eine Zeitschrift mit Umweltnachrichten aus der Region erstellt.\u00a0\u00a0\u00a0 Die Sch\u00fcler haben sich mit Vereinen und Organisationen besch\u00e4ftigt, die &hellip; <a href=\"https:\/\/www.tierhilfeweidenberg.de\/en\/schueler-des-mwg-schreiben-ueber-unseren-verein\/\" class=\"more-link\">Continue reading <span class=\"screen-reader-text\">Sch\u00fcler des MWG schreiben \u00fcber unseren Verein<\/span> <span class=\"meta-nav\">&rarr;<\/span><\/a><\/p>\n","protected":false},"author":2,"featured_media":0,"comment_status":"closed","ping_status":"open","sticky":false,"template":"","format":"standard","meta":{"_EventAllDay":false,"_EventTimezone":"","_EventStartDate":"","_EventEndDate":"","_EventStartDateUTC":"","_EventEndDateUTC":"","_EventShowMap":false,"_EventShowMapLink":false,"_EventURL":"","_EventCost":"","_EventCostDescription":"","_EventCurrencySymbol":"","_EventCurrencyCode":"","_EventCurrencyPosition":"","_EventDateTimeSeparator":"","_EventTimeRangeSeparator":"","_EventOrganizerID":[],"_EventVenueID":[],"_OrganizerEmail":"","_OrganizerPhone":"","_OrganizerWebsite":"","_VenueAddress":"","_VenueCity":"","_VenueCountry":"","_VenueProvince":"","_VenueState":"","_VenueZip":"","_VenuePhone":"","_VenueURL":"","_VenueStateProvince":"","_VenueLat":"","_VenueLng":"","_VenueShowMap":false,"_VenueShowMapLink":false,"footnotes":""},"categories":[1],"tags":[],"class_list":["post-341","post","type-post","status-publish","format-standard","hentry","category-allgemein"],"translation":{"provider":"WPGlobus","version":"3.0.2","language":"en","enabled_languages":["de","en"],"languages":{"de":{"title":true,"content":true,"excerpt":false},"en":{"title":false,"content":false,"excerpt":false}}},"rttpg_featured_image_url":null,"rttpg_author":{"display_name":"Tierhilfe Weidenberg","author_link":"https:\/\/www.tierhilfeweidenberg.de\/en\/author\/moderator\/"},"rttpg_comment":0,"rttpg_category":"<a href=\"https:\/\/www.tierhilfeweidenberg.de\/en\/category\/allgemein\/\" rel=\"category tag\">Allgemein<\/a>","rttpg_excerpt":"Die Klasse 7C des Markgr\u00e4fin-Wilhelmine-Gymnasiums in Bayreuth hat im Rahmen der Projektwoche eine Zeitschrift mit Umweltnachrichten aus der Region erstellt.\u00a0\u00a0\u00a0 Die Sch\u00fcler haben sich mit Vereinen und Organisationen besch\u00e4ftigt, die &hellip; Continue reading Sch\u00fcler des MWG schreiben \u00fcber unseren Verein &rarr;","_links":{"self":[{"href":"https:\/\/www.tierhilfeweidenberg.de\/en\/wp-json\/wp\/v2\/posts\/341","targetHints":{"allow":["GET"]}}],"collection":[{"href":"https:\/\/www.tierhilfeweidenberg.de\/en\/wp-json\/wp\/v2\/posts"}],"about":[{"href":"https:\/\/www.tierhilfeweidenberg.de\/en\/wp-json\/wp\/v2\/types\/post"}],"author":[{"embeddable":true,"href":"https:\/\/www.tierhilfeweidenberg.de\/en\/wp-json\/wp\/v2\/users\/2"}],"replies":[{"embeddable":true,"href":"https:\/\/www.tierhilfeweidenberg.de\/en\/wp-json\/wp\/v2\/comments?post=341"}],"version-history":[{"count":1,"href":"https:\/\/www.tierhilfeweidenberg.de\/en\/wp-json\/wp\/v2\/posts\/341\/revisions"}],"predecessor-version":[{"id":346,"href":"https:\/\/www.tierhilfeweidenberg.de\/en\/wp-json\/wp\/v2\/posts\/341\/revisions\/346"}],"wp:attachment":[{"href":"https:\/\/www.tierhilfeweidenberg.de\/en\/wp-json\/wp\/v2\/media?parent=341"}],"wp:term":[{"taxonomy":"category","embeddable":true,"href":"https:\/\/www.tierhilfeweidenberg.de\/en\/wp-json\/wp\/v2\/categories?post=341"},{"taxonomy":"post_tag","embeddable":true,"href":"https:\/\/www.tierhilfeweidenberg.de\/en\/wp-json\/wp\/v2\/tags?post=341"}],"curies":[{"name":"wp","href":"https:\/\/api.w.org\/{rel}","templated":true}]}}