{"id":393,"date":"2017-08-13T22:23:55","date_gmt":"2017-08-13T20:23:55","guid":{"rendered":"http:\/\/www.tierhilfeweidenberg.de\/?p=393"},"modified":"2017-08-13T22:23:55","modified_gmt":"2017-08-13T20:23:55","slug":"besuch-beim-fest-des-tierheims-hof-erlalohe","status":"publish","type":"post","link":"https:\/\/www.tierhilfeweidenberg.de\/en\/besuch-beim-fest-des-tierheims-hof-erlalohe\/","title":{"rendered":"Besuch beim Fest des Tierheims Hof-Erlalohe"},"content":{"rendered":"<p>Richtig Gl\u00fcck mit dem Wetter hatte das Tierheim Hof-Erlalohe am Sonntag, 13. August 2017, denn gegen Mittag verzogen sich die Regenwolken und die Besucher str\u00f6mten aufs Gel\u00e4nde. Auch wir nutzten den Besuch dort, zum einen, um einfach das Festprogramm zu genie\u00dfen, aber auch, um informative Gespr\u00e4che mit einigen der (ehrenamtlichen) Mitarbeiter zu f\u00fchren.<br \/>\nBegeistert hat uns vor allem das neue Kleintierhaus, in dem Meerschweinchen und Kaninchen in modernen gro\u00dfr\u00e4umigen Gehegen untergebracht sind.<\/p>\n<p><img loading=\"lazy\" decoding=\"async\" class=\"alignnone size-medium wp-image-394\" src=\"https:\/\/www.tierhilfeweidenberg.de\/wp-content\/uploads\/2017\/08\/Download1-300x225.jpg\" alt=\"\" width=\"300\" height=\"225\" srcset=\"https:\/\/www.tierhilfeweidenberg.de\/wp-content\/uploads\/2017\/08\/Download1-300x225.jpg 300w, https:\/\/www.tierhilfeweidenberg.de\/wp-content\/uploads\/2017\/08\/Download1-768x576.jpg 768w, https:\/\/www.tierhilfeweidenberg.de\/wp-content\/uploads\/2017\/08\/Download1.jpg 960w\" sizes=\"auto, (max-width: 300px) 100vw, 300px\" \/> <img loading=\"lazy\" decoding=\"async\" class=\"alignnone size-medium wp-image-395\" src=\"https:\/\/www.tierhilfeweidenberg.de\/wp-content\/uploads\/2017\/08\/Download2-300x225.jpg\" alt=\"\" width=\"300\" height=\"225\" srcset=\"https:\/\/www.tierhilfeweidenberg.de\/wp-content\/uploads\/2017\/08\/Download2-300x225.jpg 300w, https:\/\/www.tierhilfeweidenberg.de\/wp-content\/uploads\/2017\/08\/Download2-768x576.jpg 768w, https:\/\/www.tierhilfeweidenberg.de\/wp-content\/uploads\/2017\/08\/Download2.jpg 960w\" sizes=\"auto, (max-width: 300px) 100vw, 300px\" \/> <img loading=\"lazy\" decoding=\"async\" class=\"alignnone size-medium wp-image-396\" src=\"https:\/\/www.tierhilfeweidenberg.de\/wp-content\/uploads\/2017\/08\/Download3-300x225.jpg\" alt=\"\" width=\"300\" height=\"225\" srcset=\"https:\/\/www.tierhilfeweidenberg.de\/wp-content\/uploads\/2017\/08\/Download3-300x225.jpg 300w, https:\/\/www.tierhilfeweidenberg.de\/wp-content\/uploads\/2017\/08\/Download3-768x576.jpg 768w, https:\/\/www.tierhilfeweidenberg.de\/wp-content\/uploads\/2017\/08\/Download3.jpg 960w\" sizes=\"auto, (max-width: 300px) 100vw, 300px\" \/> <img loading=\"lazy\" decoding=\"async\" class=\"alignnone size-medium wp-image-397\" src=\"https:\/\/www.tierhilfeweidenberg.de\/wp-content\/uploads\/2017\/08\/Download4-225x300.jpg\" alt=\"\" width=\"225\" height=\"300\" srcset=\"https:\/\/www.tierhilfeweidenberg.de\/wp-content\/uploads\/2017\/08\/Download4-225x300.jpg 225w, https:\/\/www.tierhilfeweidenberg.de\/wp-content\/uploads\/2017\/08\/Download4.jpg 720w\" sizes=\"auto, (max-width: 225px) 100vw, 225px\" \/> <img loading=\"lazy\" decoding=\"async\" class=\"alignnone size-medium wp-image-398\" src=\"https:\/\/www.tierhilfeweidenberg.de\/wp-content\/uploads\/2017\/08\/Download5-225x300.jpg\" alt=\"\" width=\"225\" height=\"300\" srcset=\"https:\/\/www.tierhilfeweidenberg.de\/wp-content\/uploads\/2017\/08\/Download5-225x300.jpg 225w, https:\/\/www.tierhilfeweidenberg.de\/wp-content\/uploads\/2017\/08\/Download5.jpg 720w\" sizes=\"auto, (max-width: 225px) 100vw, 225px\" \/> <img loading=\"lazy\" decoding=\"async\" class=\"alignnone size-medium wp-image-399\" src=\"https:\/\/www.tierhilfeweidenberg.de\/wp-content\/uploads\/2017\/08\/Download7-225x300.jpg\" alt=\"\" width=\"225\" height=\"300\" srcset=\"https:\/\/www.tierhilfeweidenberg.de\/wp-content\/uploads\/2017\/08\/Download7-225x300.jpg 225w, https:\/\/www.tierhilfeweidenberg.de\/wp-content\/uploads\/2017\/08\/Download7.jpg 720w\" sizes=\"auto, (max-width: 225px) 100vw, 225px\" \/> <img loading=\"lazy\" decoding=\"async\" class=\"alignnone size-medium wp-image-400\" src=\"https:\/\/www.tierhilfeweidenberg.de\/wp-content\/uploads\/2017\/08\/Download8-225x300.jpg\" alt=\"\" width=\"225\" height=\"300\" srcset=\"https:\/\/www.tierhilfeweidenberg.de\/wp-content\/uploads\/2017\/08\/Download8-225x300.jpg 225w, https:\/\/www.tierhilfeweidenberg.de\/wp-content\/uploads\/2017\/08\/Download8.jpg 720w\" sizes=\"auto, (max-width: 225px) 100vw, 225px\" \/><\/p>\n<p>&nbsp;<\/p>\n<p>&nbsp;<\/p>\n","protected":false},"excerpt":{"rendered":"<p>Richtig Gl\u00fcck mit dem Wetter hatte das Tierheim Hof-Erlalohe am Sonntag, 13. August 2017, denn gegen Mittag verzogen sich die Regenwolken und die Besucher str\u00f6mten aufs Gel\u00e4nde. Auch wir nutzten &hellip; <a href=\"https:\/\/www.tierhilfeweidenberg.de\/en\/besuch-beim-fest-des-tierheims-hof-erlalohe\/\" class=\"more-link\">Continue reading <span class=\"screen-reader-text\">Besuch beim Fest des Tierheims Hof-Erlalohe<\/span> <span class=\"meta-nav\">&rarr;<\/span><\/a><\/p>\n","protected":false},"author":2,"featured_media":0,"comment_status":"closed","ping_status":"open","sticky":false,"template":"","format":"standard","meta":{"_EventAllDay":false,"_EventTimezone":"","_EventStartDate":"","_EventEndDate":"","_EventStartDateUTC":"","_EventEndDateUTC":"","_EventShowMap":false,"_EventShowMapLink":false,"_EventURL":"","_EventCost":"","_EventCostDescription":"","_EventCurrencySymbol":"","_EventCurrencyCode":"","_EventCurrencyPosition":"","_EventDateTimeSeparator":"","_EventTimeRangeSeparator":"","_EventOrganizerID":[],"_EventVenueID":[],"_OrganizerEmail":"","_OrganizerPhone":"","_OrganizerWebsite":"","_VenueAddress":"","_VenueCity":"","_VenueCountry":"","_VenueProvince":"","_VenueState":"","_VenueZip":"","_VenuePhone":"","_VenueURL":"","_VenueStateProvince":"","_VenueLat":"","_VenueLng":"","_VenueShowMap":false,"_VenueShowMapLink":false,"footnotes":""},"categories":[1],"tags":[],"class_list":["post-393","post","type-post","status-publish","format-standard","hentry","category-allgemein"],"translation":{"provider":"WPGlobus","version":"3.0.2","language":"en","enabled_languages":["de","en"],"languages":{"de":{"title":true,"content":true,"excerpt":false},"en":{"title":false,"content":false,"excerpt":false}}},"rttpg_featured_image_url":null,"rttpg_author":{"display_name":"Tierhilfe Weidenberg","author_link":"https:\/\/www.tierhilfeweidenberg.de\/en\/author\/moderator\/"},"rttpg_comment":0,"rttpg_category":"<a href=\"https:\/\/www.tierhilfeweidenberg.de\/en\/category\/allgemein\/\" rel=\"category tag\">Allgemein<\/a>","rttpg_excerpt":"Richtig Gl\u00fcck mit dem Wetter hatte das Tierheim Hof-Erlalohe am Sonntag, 13. August 2017, denn gegen Mittag verzogen sich die Regenwolken und die Besucher str\u00f6mten aufs Gel\u00e4nde. Auch wir nutzten &hellip; Continue reading Besuch beim Fest des Tierheims Hof-Erlalohe &rarr;","_links":{"self":[{"href":"https:\/\/www.tierhilfeweidenberg.de\/en\/wp-json\/wp\/v2\/posts\/393","targetHints":{"allow":["GET"]}}],"collection":[{"href":"https:\/\/www.tierhilfeweidenberg.de\/en\/wp-json\/wp\/v2\/posts"}],"about":[{"href":"https:\/\/www.tierhilfeweidenberg.de\/en\/wp-json\/wp\/v2\/types\/post"}],"author":[{"embeddable":true,"href":"https:\/\/www.tierhilfeweidenberg.de\/en\/wp-json\/wp\/v2\/users\/2"}],"replies":[{"embeddable":true,"href":"https:\/\/www.tierhilfeweidenberg.de\/en\/wp-json\/wp\/v2\/comments?post=393"}],"version-history":[{"count":1,"href":"https:\/\/www.tierhilfeweidenberg.de\/en\/wp-json\/wp\/v2\/posts\/393\/revisions"}],"predecessor-version":[{"id":401,"href":"https:\/\/www.tierhilfeweidenberg.de\/en\/wp-json\/wp\/v2\/posts\/393\/revisions\/401"}],"wp:attachment":[{"href":"https:\/\/www.tierhilfeweidenberg.de\/en\/wp-json\/wp\/v2\/media?parent=393"}],"wp:term":[{"taxonomy":"category","embeddable":true,"href":"https:\/\/www.tierhilfeweidenberg.de\/en\/wp-json\/wp\/v2\/categories?post=393"},{"taxonomy":"post_tag","embeddable":true,"href":"https:\/\/www.tierhilfeweidenberg.de\/en\/wp-json\/wp\/v2\/tags?post=393"}],"curies":[{"name":"wp","href":"https:\/\/api.w.org\/{rel}","templated":true}]}}