{"id":4138,"date":"2024-06-29T08:13:39","date_gmt":"2024-06-29T06:13:39","guid":{"rendered":"https:\/\/www.tierhilfeweidenberg.de\/?p=4138"},"modified":"2024-06-29T08:13:40","modified_gmt":"2024-06-29T06:13:40","slug":"tvo-zu-besuch-bei-der-tierhilfe-weidenberg","status":"publish","type":"post","link":"https:\/\/www.tierhilfeweidenberg.de\/en\/tvo-zu-besuch-bei-der-tierhilfe-weidenberg\/","title":{"rendered":"TVO zu Besuch bei der Tierhilfe Weidenberg"},"content":{"rendered":"\n<p>Zum dritten Mal durften wir die wunderbare Klaudia und ihr TVO &#8211; Team auf unserer Pflegestelle in Bad Berneck begr\u00fc\u00dfen.<\/p>\n\n\n\n<p>Liebend gerne h\u00e4tten wir nur Positives \u00fcber unsere Arbeit berichtet, aber leider muss man den harten Fakten ins Auge blicken.<\/p>\n\n\n\n<p>Herzlichen Dank, liebe Klaudia, dass ihr uns wieder die M\u00f6glichkeit gegeben habt, \u00fcber die brisante Lage des Tierschutzes in Bayern zu erz\u00e4hlen.<\/p>\n\n\n\n<p><a href=\"https:\/\/www.tvo.de\/mediathek\/video\/tierhilfe-weidenberg-worst-case-eingetreten\/\">https:\/\/www.tvo.de\/mediathek\/video\/tierhilfe-weidenberg-worst-case-eingetreten\/<\/a><\/p>\n","protected":false},"excerpt":{"rendered":"<p>Zum dritten Mal durften wir die wunderbare Klaudia und ihr TVO &#8211; Team auf unserer Pflegestelle in Bad Berneck begr\u00fc\u00dfen. Liebend gerne h\u00e4tten wir nur Positives \u00fcber unsere Arbeit berichtet, &hellip; <a href=\"https:\/\/www.tierhilfeweidenberg.de\/en\/tvo-zu-besuch-bei-der-tierhilfe-weidenberg\/\" class=\"more-link\">Continue reading <span class=\"screen-reader-text\">TVO zu Besuch bei der Tierhilfe Weidenberg<\/span> <span class=\"meta-nav\">&rarr;<\/span><\/a><\/p>\n","protected":false},"author":2,"featured_media":0,"comment_status":"closed","ping_status":"closed","sticky":false,"template":"","format":"standard","meta":{"_EventAllDay":false,"_EventTimezone":"","_EventStartDate":"","_EventEndDate":"","_EventStartDateUTC":"","_EventEndDateUTC":"","_EventShowMap":false,"_EventShowMapLink":false,"_EventURL":"","_EventCost":"","_EventCostDescription":"","_EventCurrencySymbol":"","_EventCurrencyCode":"","_EventCurrencyPosition":"","_EventDateTimeSeparator":"","_EventTimeRangeSeparator":"","_EventOrganizerID":[],"_EventVenueID":[],"_OrganizerEmail":"","_OrganizerPhone":"","_OrganizerWebsite":"","_VenueAddress":"","_VenueCity":"","_VenueCountry":"","_VenueProvince":"","_VenueState":"","_VenueZip":"","_VenuePhone":"","_VenueURL":"","_VenueStateProvince":"","_VenueLat":"","_VenueLng":"","_VenueShowMap":false,"_VenueShowMapLink":false,"footnotes":""},"categories":[1],"tags":[],"class_list":["post-4138","post","type-post","status-publish","format-standard","hentry","category-allgemein"],"translation":{"provider":"WPGlobus","version":"3.0.2","language":"en","enabled_languages":["de","en"],"languages":{"de":{"title":true,"content":true,"excerpt":false},"en":{"title":false,"content":false,"excerpt":false}}},"rttpg_featured_image_url":null,"rttpg_author":{"display_name":"Tierhilfe Weidenberg","author_link":"https:\/\/www.tierhilfeweidenberg.de\/en\/author\/moderator\/"},"rttpg_comment":0,"rttpg_category":"<a href=\"https:\/\/www.tierhilfeweidenberg.de\/en\/category\/allgemein\/\" rel=\"category tag\">Allgemein<\/a>","rttpg_excerpt":"Zum dritten Mal durften wir die wunderbare Klaudia und ihr TVO &#8211; Team auf unserer Pflegestelle in Bad Berneck begr\u00fc\u00dfen. Liebend gerne h\u00e4tten wir nur Positives \u00fcber unsere Arbeit berichtet, &hellip; Continue reading TVO zu Besuch bei der Tierhilfe Weidenberg &rarr;","_links":{"self":[{"href":"https:\/\/www.tierhilfeweidenberg.de\/en\/wp-json\/wp\/v2\/posts\/4138","targetHints":{"allow":["GET"]}}],"collection":[{"href":"https:\/\/www.tierhilfeweidenberg.de\/en\/wp-json\/wp\/v2\/posts"}],"about":[{"href":"https:\/\/www.tierhilfeweidenberg.de\/en\/wp-json\/wp\/v2\/types\/post"}],"author":[{"embeddable":true,"href":"https:\/\/www.tierhilfeweidenberg.de\/en\/wp-json\/wp\/v2\/users\/2"}],"replies":[{"embeddable":true,"href":"https:\/\/www.tierhilfeweidenberg.de\/en\/wp-json\/wp\/v2\/comments?post=4138"}],"version-history":[{"count":1,"href":"https:\/\/www.tierhilfeweidenberg.de\/en\/wp-json\/wp\/v2\/posts\/4138\/revisions"}],"predecessor-version":[{"id":4139,"href":"https:\/\/www.tierhilfeweidenberg.de\/en\/wp-json\/wp\/v2\/posts\/4138\/revisions\/4139"}],"wp:attachment":[{"href":"https:\/\/www.tierhilfeweidenberg.de\/en\/wp-json\/wp\/v2\/media?parent=4138"}],"wp:term":[{"taxonomy":"category","embeddable":true,"href":"https:\/\/www.tierhilfeweidenberg.de\/en\/wp-json\/wp\/v2\/categories?post=4138"},{"taxonomy":"post_tag","embeddable":true,"href":"https:\/\/www.tierhilfeweidenberg.de\/en\/wp-json\/wp\/v2\/tags?post=4138"}],"curies":[{"name":"wp","href":"https:\/\/api.w.org\/{rel}","templated":true}]}}