{"id":414,"date":"2017-08-26T19:56:01","date_gmt":"2017-08-26T17:56:01","guid":{"rendered":"http:\/\/www.tierhilfeweidenberg.de\/?p=414"},"modified":"2018-04-18T05:30:18","modified_gmt":"2018-04-18T03:30:18","slug":"welttag-fuer-das-ende-des-speziesismus-2017","status":"publish","type":"post","link":"https:\/\/www.tierhilfeweidenberg.de\/en\/welttag-fuer-das-ende-des-speziesismus-2017\/","title":{"rendered":"Welttag f\u00fcr das Ende des Speziesismus 2017"},"content":{"rendered":"<p>Anl\u00e4sslich des Welttags f\u00fcr das Ende des Speziesismus am 26.08.2017 hat sich auch die Tierhilfe Weidenberg an einem Info-Stand am Kulmbacher Holzmarkt beteiligt. Das herrliche Wetter war eine gute Gelegenheit dort viele Menschen anzutreffen, von denen auch ein gro\u00dfer Teil f\u00fcr die Belange der Tierrechte Interesse zeigte.<\/p>\n<p><img loading=\"lazy\" decoding=\"async\" class=\"alignnone size-medium wp-image-416\" src=\"https:\/\/www.tierhilfeweidenberg.de\/wp-content\/uploads\/2017\/08\/Download1-1-300x182.jpg\" alt=\"\" width=\"300\" height=\"182\" srcset=\"https:\/\/www.tierhilfeweidenberg.de\/wp-content\/uploads\/2017\/08\/Download1-1-300x182.jpg 300w, https:\/\/www.tierhilfeweidenberg.de\/wp-content\/uploads\/2017\/08\/Download1-1.jpg 480w\" sizes=\"auto, (max-width: 300px) 100vw, 300px\" \/> <img loading=\"lazy\" decoding=\"async\" class=\"alignnone size-medium wp-image-418\" src=\"https:\/\/www.tierhilfeweidenberg.de\/wp-content\/uploads\/2017\/08\/Download4-1-300x225.jpg\" alt=\"\" width=\"300\" height=\"225\" srcset=\"https:\/\/www.tierhilfeweidenberg.de\/wp-content\/uploads\/2017\/08\/Download4-1-300x225.jpg 300w, https:\/\/www.tierhilfeweidenberg.de\/wp-content\/uploads\/2017\/08\/Download4-1-768x576.jpg 768w, https:\/\/www.tierhilfeweidenberg.de\/wp-content\/uploads\/2017\/08\/Download4-1.jpg 960w\" sizes=\"auto, (max-width: 300px) 100vw, 300px\" \/> <img loading=\"lazy\" decoding=\"async\" class=\"alignnone size-medium wp-image-419\" src=\"https:\/\/www.tierhilfeweidenberg.de\/wp-content\/uploads\/2017\/08\/Download5-1-225x300.jpg\" alt=\"\" width=\"225\" height=\"300\" srcset=\"https:\/\/www.tierhilfeweidenberg.de\/wp-content\/uploads\/2017\/08\/Download5-1-225x300.jpg 225w, https:\/\/www.tierhilfeweidenberg.de\/wp-content\/uploads\/2017\/08\/Download5-1.jpg 720w\" sizes=\"auto, (max-width: 225px) 100vw, 225px\" \/><\/p>\n","protected":false},"excerpt":{"rendered":"<p>Anl\u00e4sslich des Welttags f\u00fcr das Ende des Speziesismus am 26.08.2017 hat sich auch die Tierhilfe Weidenberg an einem Info-Stand am Kulmbacher Holzmarkt beteiligt. Das herrliche Wetter war eine gute Gelegenheit &hellip; <a href=\"https:\/\/www.tierhilfeweidenberg.de\/en\/welttag-fuer-das-ende-des-speziesismus-2017\/\" class=\"more-link\">Continue reading <span class=\"screen-reader-text\">Welttag f\u00fcr das Ende des Speziesismus 2017<\/span> <span class=\"meta-nav\">&rarr;<\/span><\/a><\/p>\n","protected":false},"author":2,"featured_media":0,"comment_status":"closed","ping_status":"open","sticky":false,"template":"","format":"standard","meta":{"_EventAllDay":false,"_EventTimezone":"","_EventStartDate":"","_EventEndDate":"","_EventStartDateUTC":"","_EventEndDateUTC":"","_EventShowMap":false,"_EventShowMapLink":false,"_EventURL":"","_EventCost":"","_EventCostDescription":"","_EventCurrencySymbol":"","_EventCurrencyCode":"","_EventCurrencyPosition":"","_EventDateTimeSeparator":"","_EventTimeRangeSeparator":"","_EventOrganizerID":[],"_EventVenueID":[],"_OrganizerEmail":"","_OrganizerPhone":"","_OrganizerWebsite":"","_VenueAddress":"","_VenueCity":"","_VenueCountry":"","_VenueProvince":"","_VenueState":"","_VenueZip":"","_VenuePhone":"","_VenueURL":"","_VenueStateProvince":"","_VenueLat":"","_VenueLng":"","_VenueShowMap":false,"_VenueShowMapLink":false,"footnotes":""},"categories":[12],"tags":[51,52,50],"class_list":["post-414","post","type-post","status-publish","format-standard","hentry","category-aktionen","tag-aktionstag","tag-infostand","tag-speziesismus"],"translation":{"provider":"WPGlobus","version":"3.0.2","language":"en","enabled_languages":["de","en"],"languages":{"de":{"title":true,"content":true,"excerpt":false},"en":{"title":false,"content":false,"excerpt":false}}},"rttpg_featured_image_url":null,"rttpg_author":{"display_name":"Tierhilfe Weidenberg","author_link":"https:\/\/www.tierhilfeweidenberg.de\/en\/author\/moderator\/"},"rttpg_comment":0,"rttpg_category":"<a href=\"https:\/\/www.tierhilfeweidenberg.de\/en\/category\/aktionen\/\" rel=\"category tag\">Aktionen<\/a>","rttpg_excerpt":"Anl\u00e4sslich des Welttags f\u00fcr das Ende des Speziesismus am 26.08.2017 hat sich auch die Tierhilfe Weidenberg an einem Info-Stand am Kulmbacher Holzmarkt beteiligt. Das herrliche Wetter war eine gute Gelegenheit &hellip; Continue reading Welttag f\u00fcr das Ende des Speziesismus 2017 &rarr;","_links":{"self":[{"href":"https:\/\/www.tierhilfeweidenberg.de\/en\/wp-json\/wp\/v2\/posts\/414","targetHints":{"allow":["GET"]}}],"collection":[{"href":"https:\/\/www.tierhilfeweidenberg.de\/en\/wp-json\/wp\/v2\/posts"}],"about":[{"href":"https:\/\/www.tierhilfeweidenberg.de\/en\/wp-json\/wp\/v2\/types\/post"}],"author":[{"embeddable":true,"href":"https:\/\/www.tierhilfeweidenberg.de\/en\/wp-json\/wp\/v2\/users\/2"}],"replies":[{"embeddable":true,"href":"https:\/\/www.tierhilfeweidenberg.de\/en\/wp-json\/wp\/v2\/comments?post=414"}],"version-history":[{"count":3,"href":"https:\/\/www.tierhilfeweidenberg.de\/en\/wp-json\/wp\/v2\/posts\/414\/revisions"}],"predecessor-version":[{"id":897,"href":"https:\/\/www.tierhilfeweidenberg.de\/en\/wp-json\/wp\/v2\/posts\/414\/revisions\/897"}],"wp:attachment":[{"href":"https:\/\/www.tierhilfeweidenberg.de\/en\/wp-json\/wp\/v2\/media?parent=414"}],"wp:term":[{"taxonomy":"category","embeddable":true,"href":"https:\/\/www.tierhilfeweidenberg.de\/en\/wp-json\/wp\/v2\/categories?post=414"},{"taxonomy":"post_tag","embeddable":true,"href":"https:\/\/www.tierhilfeweidenberg.de\/en\/wp-json\/wp\/v2\/tags?post=414"}],"curies":[{"name":"wp","href":"https:\/\/api.w.org\/{rel}","templated":true}]}}