{"id":426,"date":"2017-08-27T14:40:28","date_gmt":"2017-08-27T12:40:28","guid":{"rendered":"http:\/\/www.tierhilfeweidenberg.de\/?p=426"},"modified":"2017-11-15T14:44:42","modified_gmt":"2017-11-15T13:44:42","slug":"paten-fuer-blindes-kaninchen-hoernchen-gesucht","status":"publish","type":"post","link":"https:\/\/www.tierhilfeweidenberg.de\/en\/paten-fuer-blindes-kaninchen-hoernchen-gesucht\/","title":{"rendered":"Paten f\u00fcr blinde &#8220;Bella&#8221; gesucht"},"content":{"rendered":"<div id=\"js_do\" class=\"_5pbx userContent\">\n<div id=\"id_59a2ba79c06710936670756\" class=\"text_exposed_root text_exposed\">\n<p>&#8220;Hallo Ihr, k\u00f6nnt Ihr mich sehen? Ich bin Bella. Fr\u00fcher hie\u00df ich H\u00f6rnchen, aber das fand meine Pflegemama nicht so toll, denn schlie\u00dflich bin ich ja auch eine H\u00fcbsche. Eine Bella eben. \ud83d\ude42 Ich kann Euch n\u00e4mlich nicht sehen.\u00a0<span class=\"_47e3 _5mfr\" title=\"\u201efrown\u201c-Emoticon\"><img loading=\"lazy\" decoding=\"async\" class=\"img\" role=\"presentation\" src=\"https:\/\/www.facebook.com\/images\/emoji.php\/v9\/fcb\/1\/16\/1f641.png\" alt=\"\" width=\"16\" height=\"16\" \/><\/span>\u00a0Seit ich geboren wurde, bin ich blind. Nur auf einem Auge erkenne ich Schatten, damit komme ich gut zurecht in meiner Welt. \u00a0Die hat bisher daraus bestanden, dass ich mit einem Meerschweinchen unter einer Treppe im Keller leben musste. Einem Meerschweinchen&#8230;ts&#8230; als ob das einen Kaninchen-Kumpel ersetzen k\u00f6nnte.<br \/>\nDann kamen die netten Leute von d<span class=\"text_exposed_show\">er Tierhilfe und haben uns erl\u00f6st. Die haben mich auch r\u00f6ntgen lassen, weil ich mein eines hinteres Beinchen so komisch halte. Dabei wurde festgestellt, dass ich als Baby wohl mal das Becken gebrochen hatte. Tat echt weh damals, doch niemand ging mit mir zum Tierarzt oder hat mich versorgt.\u00a0<span class=\"_47e3 _5mfr\" title=\"\u201efrown\u201c-Emoticon\"><img loading=\"lazy\" decoding=\"async\" class=\"img\" role=\"presentation\" src=\"https:\/\/www.facebook.com\/images\/emoji.php\/v9\/fcb\/1\/16\/1f641.png\" alt=\"\" width=\"16\" height=\"16\" \/><\/span>Ich kann damit aber ganz gut hoppeln inzwischen.<br \/>\nDas Meeri durfte endlich zu einem Artgenossen umziehen und nach kurzer Zeit auf einer \u00dcbergangs-Pflegestelle, wo ich kr\u00e4ftig verw\u00f6hnt wurde, durfte ich in eine Handicap-WG umziehen und dort lernen, wie ein echtes Kaninchen zu leben! Endlich darf ich mit Artgenossen kuscheln, die meine Sprache verstehen! Ich bin nicht mehr allein und habe viel Platz zum Rumhoppeln! So gut es eben geht mit meinem Humpelbeinchen. <\/span><\/p>\n<p><span class=\"text_exposed_show\">Allerdings wird es f\u00fcr die\u00a0<a class=\"profileLink\" href=\"https:\/\/www.facebook.com\/tierhilfe.weidenberg?fref=mentions\">Tierhilfe Weidenberg<\/a>\u00a0nat\u00fcrlich auch eine ganz sch\u00f6ne Stange Geld kosten, weil ich ja f\u00fcr immer dort bleiben werde und wenn ich mal krank bin, m\u00fcssen sie mich zu einem Tierarzt bringen.\u00a0<span class=\"_47e3 _5mfr\" title=\"\u201efrown\u201c-Emoticon\"><img loading=\"lazy\" decoding=\"async\" class=\"img\" role=\"presentation\" src=\"https:\/\/www.facebook.com\/images\/emoji.php\/v9\/fcb\/1\/16\/1f641.png\" alt=\"\" width=\"16\" height=\"16\" \/>\u00a0<\/span>Aber hey, vielleicht mag ja jemand von Euch da drau\u00dfen mein Pate werden und die netten Leute ein bi\u00dfchen unterst\u00fctzen, damit ich auch weiter gut versorgt bin? Nat\u00fcrlich wei\u00df ich, dass sie immer alles f\u00fcr mich tun werden, doch w\u00e4re es halt leichter, wenn noch jemand mit hilft. Also, Du da drau\u00dfen, den ich nicht sehe, magst Du Pate von mir, der charmanten Bella werden?&#8221;<\/span><\/p>\n<p><img loading=\"lazy\" decoding=\"async\" class=\"alignnone size-medium wp-image-638\" src=\"https:\/\/www.tierhilfeweidenberg.de\/wp-content\/uploads\/2017\/08\/IMG-20171112-WA0026-237x300.jpg\" alt=\"\" width=\"237\" height=\"300\" srcset=\"https:\/\/www.tierhilfeweidenberg.de\/wp-content\/uploads\/2017\/08\/IMG-20171112-WA0026-237x300.jpg 237w, https:\/\/www.tierhilfeweidenberg.de\/wp-content\/uploads\/2017\/08\/IMG-20171112-WA0026-768x971.jpg 768w, https:\/\/www.tierhilfeweidenberg.de\/wp-content\/uploads\/2017\/08\/IMG-20171112-WA0026-810x1024.jpg 810w, https:\/\/www.tierhilfeweidenberg.de\/wp-content\/uploads\/2017\/08\/IMG-20171112-WA0026.jpg 1012w\" sizes=\"auto, (max-width: 237px) 100vw, 237px\" \/><\/p>\n<p>&nbsp;<\/p>\n<\/div>\n<\/div>\n<p>&nbsp;<\/p>\n<p>&nbsp;<\/p>\n<p>&nbsp;<\/p>\n<p>&nbsp;<\/p>\n<p>&nbsp;<\/p>\n<div class=\"_3x-2\"><\/div>\n","protected":false},"excerpt":{"rendered":"<p>&#8220;Hallo Ihr, k\u00f6nnt Ihr mich sehen? Ich bin Bella. Fr\u00fcher hie\u00df ich H\u00f6rnchen, aber das fand meine Pflegemama nicht so toll, denn schlie\u00dflich bin ich ja auch eine H\u00fcbsche. Eine &hellip; <a href=\"https:\/\/www.tierhilfeweidenberg.de\/en\/paten-fuer-blindes-kaninchen-hoernchen-gesucht\/\" class=\"more-link\">Continue reading <span class=\"screen-reader-text\">Paten f\u00fcr blinde &#8220;Bella&#8221; gesucht<\/span> <span class=\"meta-nav\">&rarr;<\/span><\/a><\/p>\n","protected":false},"author":2,"featured_media":0,"comment_status":"closed","ping_status":"open","sticky":false,"template":"","format":"standard","meta":{"_EventAllDay":false,"_EventTimezone":"","_EventStartDate":"","_EventEndDate":"","_EventStartDateUTC":"","_EventEndDateUTC":"","_EventShowMap":false,"_EventShowMapLink":false,"_EventURL":"","_EventCost":"","_EventCostDescription":"","_EventCurrencySymbol":"","_EventCurrencyCode":"","_EventCurrencyPosition":"","_EventDateTimeSeparator":"","_EventTimeRangeSeparator":"","_EventOrganizerID":[],"_EventVenueID":[],"_OrganizerEmail":"","_OrganizerPhone":"","_OrganizerWebsite":"","_VenueAddress":"","_VenueCity":"","_VenueCountry":"","_VenueProvince":"","_VenueState":"","_VenueZip":"","_VenuePhone":"","_VenueURL":"","_VenueStateProvince":"","_VenueLat":"","_VenueLng":"","_VenueShowMap":false,"_VenueShowMapLink":false,"footnotes":""},"categories":[12,1,15],"tags":[],"class_list":["post-426","post","type-post","status-publish","format-standard","hentry","category-aktionen","category-allgemein","category-tiere-alle"],"translation":{"provider":"WPGlobus","version":"3.0.2","language":"en","enabled_languages":["de","en"],"languages":{"de":{"title":true,"content":true,"excerpt":false},"en":{"title":false,"content":false,"excerpt":false}}},"rttpg_featured_image_url":null,"rttpg_author":{"display_name":"Tierhilfe Weidenberg","author_link":"https:\/\/www.tierhilfeweidenberg.de\/en\/author\/moderator\/"},"rttpg_comment":0,"rttpg_category":"<a href=\"https:\/\/www.tierhilfeweidenberg.de\/en\/category\/aktionen\/\" rel=\"category tag\">Aktionen<\/a> <a href=\"https:\/\/www.tierhilfeweidenberg.de\/en\/category\/allgemein\/\" rel=\"category tag\">Allgemein<\/a> <a href=\"https:\/\/www.tierhilfeweidenberg.de\/en\/category\/tiere-alle\/\" rel=\"category tag\">Tiere - Alle<\/a>","rttpg_excerpt":"&#8220;Hallo Ihr, k\u00f6nnt Ihr mich sehen? Ich bin Bella. Fr\u00fcher hie\u00df ich H\u00f6rnchen, aber das fand meine Pflegemama nicht so toll, denn schlie\u00dflich bin ich ja auch eine H\u00fcbsche. Eine &hellip; Continue reading Paten f\u00fcr blinde &#8220;Bella&#8221; gesucht &rarr;","_links":{"self":[{"href":"https:\/\/www.tierhilfeweidenberg.de\/en\/wp-json\/wp\/v2\/posts\/426","targetHints":{"allow":["GET"]}}],"collection":[{"href":"https:\/\/www.tierhilfeweidenberg.de\/en\/wp-json\/wp\/v2\/posts"}],"about":[{"href":"https:\/\/www.tierhilfeweidenberg.de\/en\/wp-json\/wp\/v2\/types\/post"}],"author":[{"embeddable":true,"href":"https:\/\/www.tierhilfeweidenberg.de\/en\/wp-json\/wp\/v2\/users\/2"}],"replies":[{"embeddable":true,"href":"https:\/\/www.tierhilfeweidenberg.de\/en\/wp-json\/wp\/v2\/comments?post=426"}],"version-history":[{"count":4,"href":"https:\/\/www.tierhilfeweidenberg.de\/en\/wp-json\/wp\/v2\/posts\/426\/revisions"}],"predecessor-version":[{"id":639,"href":"https:\/\/www.tierhilfeweidenberg.de\/en\/wp-json\/wp\/v2\/posts\/426\/revisions\/639"}],"wp:attachment":[{"href":"https:\/\/www.tierhilfeweidenberg.de\/en\/wp-json\/wp\/v2\/media?parent=426"}],"wp:term":[{"taxonomy":"category","embeddable":true,"href":"https:\/\/www.tierhilfeweidenberg.de\/en\/wp-json\/wp\/v2\/categories?post=426"},{"taxonomy":"post_tag","embeddable":true,"href":"https:\/\/www.tierhilfeweidenberg.de\/en\/wp-json\/wp\/v2\/tags?post=426"}],"curies":[{"name":"wp","href":"https:\/\/api.w.org\/{rel}","templated":true}]}}