{"id":434,"date":"2017-09-03T21:37:25","date_gmt":"2017-09-03T19:37:25","guid":{"rendered":"http:\/\/www.tierhilfeweidenberg.de\/?p=434"},"modified":"2017-09-28T14:36:09","modified_gmt":"2017-09-28T12:36:09","slug":"info-stand-am-tierheimfest-selb","status":"publish","type":"post","link":"https:\/\/www.tierhilfeweidenberg.de\/en\/info-stand-am-tierheimfest-selb\/","title":{"rendered":"Info-Stand am Tierheimfest Selb"},"content":{"rendered":"<p>Der Tierschutzverein Selb blickt auf 50 Jahre zur\u00fcck und feierte dieses Jubil\u00e4um am Sonntag, 9. September 2017 mit einem gro\u00dfen Fest im Gel\u00e4nde des Tierheims. Wir beteiligten uns mit einem Info-Stand am Programm, das \u00fcber den ganzen Tag vielf\u00e4ltig gestaltet war mit einer Tombola, einem Flohmarkt, Vorf\u00fchrungen der Hundeschule, der Hundestaffel des Zolls und vielem mehr.<br \/>\nDennoch zeigten sich einige G\u00e4ste auch interessiert an unserem Info-Angebot \u00fcber Katzen und Kaninchen. Gerade wegen der vorbildlichen Kleintierhaltung und -vermittlung arbeiten wir immer wieder gern mit dem Tierheim Selb zusammen.<\/p>\n<p><img loading=\"lazy\" decoding=\"async\" class=\"alignnone size-medium wp-image-435\" src=\"https:\/\/www.tierhilfeweidenberg.de\/wp-content\/uploads\/2017\/09\/Download1-300x225.jpg\" alt=\"\" width=\"300\" height=\"225\" srcset=\"https:\/\/www.tierhilfeweidenberg.de\/wp-content\/uploads\/2017\/09\/Download1-300x225.jpg 300w, https:\/\/www.tierhilfeweidenberg.de\/wp-content\/uploads\/2017\/09\/Download1.jpg 526w\" sizes=\"auto, (max-width: 300px) 100vw, 300px\" \/> <img loading=\"lazy\" decoding=\"async\" class=\"alignnone size-medium wp-image-436\" src=\"https:\/\/www.tierhilfeweidenberg.de\/wp-content\/uploads\/2017\/09\/Download2-300x225.jpg\" alt=\"\" width=\"300\" height=\"225\" srcset=\"https:\/\/www.tierhilfeweidenberg.de\/wp-content\/uploads\/2017\/09\/Download2-300x225.jpg 300w, https:\/\/www.tierhilfeweidenberg.de\/wp-content\/uploads\/2017\/09\/Download2-768x576.jpg 768w, https:\/\/www.tierhilfeweidenberg.de\/wp-content\/uploads\/2017\/09\/Download2.jpg 960w\" sizes=\"auto, (max-width: 300px) 100vw, 300px\" \/> <img loading=\"lazy\" decoding=\"async\" class=\"alignnone size-medium wp-image-437\" src=\"https:\/\/www.tierhilfeweidenberg.de\/wp-content\/uploads\/2017\/09\/Download3-300x225.jpg\" alt=\"\" width=\"300\" height=\"225\" srcset=\"https:\/\/www.tierhilfeweidenberg.de\/wp-content\/uploads\/2017\/09\/Download3-300x225.jpg 300w, https:\/\/www.tierhilfeweidenberg.de\/wp-content\/uploads\/2017\/09\/Download3-768x576.jpg 768w, https:\/\/www.tierhilfeweidenberg.de\/wp-content\/uploads\/2017\/09\/Download3.jpg 960w\" sizes=\"auto, (max-width: 300px) 100vw, 300px\" \/> <img loading=\"lazy\" decoding=\"async\" class=\"alignnone size-medium wp-image-438\" src=\"https:\/\/www.tierhilfeweidenberg.de\/wp-content\/uploads\/2017\/09\/Download4-300x225.jpg\" alt=\"\" width=\"300\" height=\"225\" srcset=\"https:\/\/www.tierhilfeweidenberg.de\/wp-content\/uploads\/2017\/09\/Download4-300x225.jpg 300w, https:\/\/www.tierhilfeweidenberg.de\/wp-content\/uploads\/2017\/09\/Download4-768x576.jpg 768w, https:\/\/www.tierhilfeweidenberg.de\/wp-content\/uploads\/2017\/09\/Download4.jpg 960w\" sizes=\"auto, (max-width: 300px) 100vw, 300px\" \/> <img loading=\"lazy\" decoding=\"async\" class=\"alignnone size-medium wp-image-439\" src=\"https:\/\/www.tierhilfeweidenberg.de\/wp-content\/uploads\/2017\/09\/Download5-300x225.jpg\" alt=\"\" width=\"300\" height=\"225\" srcset=\"https:\/\/www.tierhilfeweidenberg.de\/wp-content\/uploads\/2017\/09\/Download5-300x225.jpg 300w, https:\/\/www.tierhilfeweidenberg.de\/wp-content\/uploads\/2017\/09\/Download5-768x576.jpg 768w, https:\/\/www.tierhilfeweidenberg.de\/wp-content\/uploads\/2017\/09\/Download5.jpg 960w\" sizes=\"auto, (max-width: 300px) 100vw, 300px\" \/><\/p>\n","protected":false},"excerpt":{"rendered":"<p>Der Tierschutzverein Selb blickt auf 50 Jahre zur\u00fcck und feierte dieses Jubil\u00e4um am Sonntag, 9. September 2017 mit einem gro\u00dfen Fest im Gel\u00e4nde des Tierheims. Wir beteiligten uns mit einem &hellip; <a href=\"https:\/\/www.tierhilfeweidenberg.de\/en\/info-stand-am-tierheimfest-selb\/\" class=\"more-link\">Continue reading <span class=\"screen-reader-text\">Info-Stand am Tierheimfest Selb<\/span> <span class=\"meta-nav\">&rarr;<\/span><\/a><\/p>\n","protected":false},"author":2,"featured_media":0,"comment_status":"closed","ping_status":"open","sticky":false,"template":"","format":"standard","meta":{"_EventAllDay":false,"_EventTimezone":"","_EventStartDate":"","_EventEndDate":"","_EventStartDateUTC":"","_EventEndDateUTC":"","_EventShowMap":false,"_EventShowMapLink":false,"_EventURL":"","_EventCost":"","_EventCostDescription":"","_EventCurrencySymbol":"","_EventCurrencyCode":"","_EventCurrencyPosition":"","_EventDateTimeSeparator":"","_EventTimeRangeSeparator":"","_EventOrganizerID":[],"_EventVenueID":[],"_OrganizerEmail":"","_OrganizerPhone":"","_OrganizerWebsite":"","_VenueAddress":"","_VenueCity":"","_VenueCountry":"","_VenueProvince":"","_VenueState":"","_VenueZip":"","_VenuePhone":"","_VenueURL":"","_VenueStateProvince":"","_VenueLat":"","_VenueLng":"","_VenueShowMap":false,"_VenueShowMapLink":false,"footnotes":""},"categories":[12],"tags":[53,21],"class_list":["post-434","post","type-post","status-publish","format-standard","hentry","category-aktionen","tag-selb","tag-tierheimfest"],"translation":{"provider":"WPGlobus","version":"3.0.2","language":"en","enabled_languages":["de","en"],"languages":{"de":{"title":true,"content":true,"excerpt":false},"en":{"title":false,"content":false,"excerpt":false}}},"rttpg_featured_image_url":null,"rttpg_author":{"display_name":"Tierhilfe Weidenberg","author_link":"https:\/\/www.tierhilfeweidenberg.de\/en\/author\/moderator\/"},"rttpg_comment":0,"rttpg_category":"<a href=\"https:\/\/www.tierhilfeweidenberg.de\/en\/category\/aktionen\/\" rel=\"category tag\">Aktionen<\/a>","rttpg_excerpt":"Der Tierschutzverein Selb blickt auf 50 Jahre zur\u00fcck und feierte dieses Jubil\u00e4um am Sonntag, 9. September 2017 mit einem gro\u00dfen Fest im Gel\u00e4nde des Tierheims. Wir beteiligten uns mit einem &hellip; Continue reading Info-Stand am Tierheimfest Selb &rarr;","_links":{"self":[{"href":"https:\/\/www.tierhilfeweidenberg.de\/en\/wp-json\/wp\/v2\/posts\/434","targetHints":{"allow":["GET"]}}],"collection":[{"href":"https:\/\/www.tierhilfeweidenberg.de\/en\/wp-json\/wp\/v2\/posts"}],"about":[{"href":"https:\/\/www.tierhilfeweidenberg.de\/en\/wp-json\/wp\/v2\/types\/post"}],"author":[{"embeddable":true,"href":"https:\/\/www.tierhilfeweidenberg.de\/en\/wp-json\/wp\/v2\/users\/2"}],"replies":[{"embeddable":true,"href":"https:\/\/www.tierhilfeweidenberg.de\/en\/wp-json\/wp\/v2\/comments?post=434"}],"version-history":[{"count":2,"href":"https:\/\/www.tierhilfeweidenberg.de\/en\/wp-json\/wp\/v2\/posts\/434\/revisions"}],"predecessor-version":[{"id":466,"href":"https:\/\/www.tierhilfeweidenberg.de\/en\/wp-json\/wp\/v2\/posts\/434\/revisions\/466"}],"wp:attachment":[{"href":"https:\/\/www.tierhilfeweidenberg.de\/en\/wp-json\/wp\/v2\/media?parent=434"}],"wp:term":[{"taxonomy":"category","embeddable":true,"href":"https:\/\/www.tierhilfeweidenberg.de\/en\/wp-json\/wp\/v2\/categories?post=434"},{"taxonomy":"post_tag","embeddable":true,"href":"https:\/\/www.tierhilfeweidenberg.de\/en\/wp-json\/wp\/v2\/tags?post=434"}],"curies":[{"name":"wp","href":"https:\/\/api.w.org\/{rel}","templated":true}]}}