{"id":4497,"date":"2025-04-06T08:19:33","date_gmt":"2025-04-06T06:19:33","guid":{"rendered":"https:\/\/www.tierhilfeweidenberg.de\/?p=4497"},"modified":"2025-10-02T14:30:21","modified_gmt":"2025-10-02T12:30:21","slug":"stella","status":"publish","type":"post","link":"https:\/\/www.tierhilfeweidenberg.de\/en\/stella\/","title":{"rendered":"Stella"},"content":{"rendered":"\n<figure class=\"wp-block-image size-large\"><img loading=\"lazy\" decoding=\"async\" width=\"841\" height=\"1024\" src=\"https:\/\/www.tierhilfeweidenberg.de\/wp-content\/uploads\/2025\/04\/IMG-20250323-WA0058-841x1024.jpg\" alt=\"\" class=\"wp-image-4498\" srcset=\"https:\/\/www.tierhilfeweidenberg.de\/wp-content\/uploads\/2025\/04\/IMG-20250323-WA0058-841x1024.jpg 841w, https:\/\/www.tierhilfeweidenberg.de\/wp-content\/uploads\/2025\/04\/IMG-20250323-WA0058-246x300.jpg 246w, https:\/\/www.tierhilfeweidenberg.de\/wp-content\/uploads\/2025\/04\/IMG-20250323-WA0058-768x935.jpg 768w, https:\/\/www.tierhilfeweidenberg.de\/wp-content\/uploads\/2025\/04\/IMG-20250323-WA0058.jpg 1179w\" sizes=\"auto, (max-width: 841px) 100vw, 841px\" \/><\/figure>\n\n\n\n<p>Stella (geb. 05\/2024), unsere schwarze Sch\u00f6nheit, stammt von einem Hof im Landkreis Wunsiedel.<\/p>\n\n\n\n<figure class=\"wp-block-gallery has-nested-images columns-default is-cropped wp-block-gallery-1 is-layout-flex wp-block-gallery-is-layout-flex\">\n<figure class=\"wp-block-image size-large\"><img loading=\"lazy\" decoding=\"async\" width=\"768\" height=\"1024\" data-id=\"4499\" src=\"https:\/\/www.tierhilfeweidenberg.de\/wp-content\/uploads\/2025\/04\/IMG-20250323-WA0057-768x1024.jpg\" alt=\"\" class=\"wp-image-4499\" srcset=\"https:\/\/www.tierhilfeweidenberg.de\/wp-content\/uploads\/2025\/04\/IMG-20250323-WA0057-768x1024.jpg 768w, https:\/\/www.tierhilfeweidenberg.de\/wp-content\/uploads\/2025\/04\/IMG-20250323-WA0057-225x300.jpg 225w, https:\/\/www.tierhilfeweidenberg.de\/wp-content\/uploads\/2025\/04\/IMG-20250323-WA0057-1152x1536.jpg 1152w, https:\/\/www.tierhilfeweidenberg.de\/wp-content\/uploads\/2025\/04\/IMG-20250323-WA0057.jpg 1500w\" sizes=\"auto, (max-width: 768px) 100vw, 768px\" \/><\/figure>\n<\/figure>\n\n\n\n<p>Ist die erste Sch\u00fcchternheit Fremden gegen\u00fcber erst einmal \u00fcberwunden, zeigt Stella ihr wahres zauberhaftes Wesen, tobt, spielt und ist offen f\u00fcr Interaktionen jeglicher Art.<\/p>\n\n\n\n<figure class=\"wp-block-gallery has-nested-images columns-default is-cropped wp-block-gallery-2 is-layout-flex wp-block-gallery-is-layout-flex\">\n<figure class=\"wp-block-image size-large\"><img loading=\"lazy\" decoding=\"async\" width=\"768\" height=\"1024\" data-id=\"4500\" src=\"https:\/\/www.tierhilfeweidenberg.de\/wp-content\/uploads\/2025\/04\/IMG-20250323-WA0059-768x1024.jpg\" alt=\"\" class=\"wp-image-4500\" srcset=\"https:\/\/www.tierhilfeweidenberg.de\/wp-content\/uploads\/2025\/04\/IMG-20250323-WA0059-768x1024.jpg 768w, https:\/\/www.tierhilfeweidenberg.de\/wp-content\/uploads\/2025\/04\/IMG-20250323-WA0059-225x300.jpg 225w, https:\/\/www.tierhilfeweidenberg.de\/wp-content\/uploads\/2025\/04\/IMG-20250323-WA0059-1152x1536.jpg 1152w, https:\/\/www.tierhilfeweidenberg.de\/wp-content\/uploads\/2025\/04\/IMG-20250323-WA0059.jpg 1500w\" sizes=\"auto, (max-width: 768px) 100vw, 768px\" \/><\/figure>\n<\/figure>\n\n\n\n<p>Die liebevolle Samtpfote lebt aktuell mit einigen Artgenossen auf unserer Pflegestelle in Pegnitz zusammen.<\/p>\n\n\n\n<figure class=\"wp-block-gallery has-nested-images columns-default is-cropped wp-block-gallery-3 is-layout-flex wp-block-gallery-is-layout-flex\">\n<figure class=\"wp-block-image size-large\"><img loading=\"lazy\" decoding=\"async\" width=\"768\" height=\"1024\" data-id=\"4501\" src=\"https:\/\/www.tierhilfeweidenberg.de\/wp-content\/uploads\/2025\/04\/IMG-20250323-WA0061-768x1024.jpg\" alt=\"\" class=\"wp-image-4501\" srcset=\"https:\/\/www.tierhilfeweidenberg.de\/wp-content\/uploads\/2025\/04\/IMG-20250323-WA0061-768x1024.jpg 768w, https:\/\/www.tierhilfeweidenberg.de\/wp-content\/uploads\/2025\/04\/IMG-20250323-WA0061-225x300.jpg 225w, https:\/\/www.tierhilfeweidenberg.de\/wp-content\/uploads\/2025\/04\/IMG-20250323-WA0061-1152x1536.jpg 1152w, https:\/\/www.tierhilfeweidenberg.de\/wp-content\/uploads\/2025\/04\/IMG-20250323-WA0061.jpg 1500w\" sizes=\"auto, (max-width: 768px) 100vw, 768px\" \/><\/figure>\n<\/figure>\n\n\n\n<p>Stella kann entweder mit Freundin Kisa oder zu einem bereits vorhandenen Artgenossen umziehen. In jedem Fall wird sie nicht in Einzelhaltung vermittelt.<\/p>\n\n\n\n<p>Tel. 0175-917 87 96<\/p>\n","protected":false},"excerpt":{"rendered":"<p>Stella (geb. 05\/2024), unsere schwarze Sch\u00f6nheit, stammt von einem Hof im Landkreis Wunsiedel. Ist die erste Sch\u00fcchternheit Fremden gegen\u00fcber erst einmal \u00fcberwunden, zeigt Stella ihr wahres zauberhaftes Wesen, tobt, spielt &hellip; <a href=\"https:\/\/www.tierhilfeweidenberg.de\/en\/stella\/\" class=\"more-link\">Continue reading <span class=\"screen-reader-text\">Stella<\/span> <span class=\"meta-nav\">&rarr;<\/span><\/a><\/p>\n","protected":false},"author":2,"featured_media":0,"comment_status":"closed","ping_status":"closed","sticky":false,"template":"","format":"standard","meta":{"_EventAllDay":false,"_EventTimezone":"","_EventStartDate":"","_EventEndDate":"","_EventStartDateUTC":"","_EventEndDateUTC":"","_EventShowMap":false,"_EventShowMapLink":false,"_EventURL":"","_EventCost":"","_EventCostDescription":"","_EventCurrencySymbol":"","_EventCurrencyCode":"","_EventCurrencyPosition":"","_EventDateTimeSeparator":"","_EventTimeRangeSeparator":"","_EventOrganizerID":[],"_EventVenueID":[],"_OrganizerEmail":"","_OrganizerPhone":"","_OrganizerWebsite":"","_VenueAddress":"","_VenueCity":"","_VenueCountry":"","_VenueProvince":"","_VenueState":"","_VenueZip":"","_VenuePhone":"","_VenueURL":"","_VenueStateProvince":"","_VenueLat":"","_VenueLng":"","_VenueShowMap":false,"_VenueShowMapLink":false,"footnotes":""},"categories":[95,14],"tags":[],"class_list":["post-4497","post","type-post","status-publish","format-standard","hentry","category-nicht-kategorisiert-de","category-tiere-vermittlung"],"translation":{"provider":"WPGlobus","version":"3.0.2","language":"en","enabled_languages":["de","en"],"languages":{"de":{"title":true,"content":true,"excerpt":false},"en":{"title":false,"content":false,"excerpt":false}}},"rttpg_featured_image_url":null,"rttpg_author":{"display_name":"Tierhilfe Weidenberg","author_link":"https:\/\/www.tierhilfeweidenberg.de\/en\/author\/moderator\/"},"rttpg_comment":0,"rttpg_category":"<a href=\"https:\/\/www.tierhilfeweidenberg.de\/en\/category\/nicht-kategorisiert-de\/\" rel=\"category tag\">Nicht kategorisiert<\/a> <a href=\"https:\/\/www.tierhilfeweidenberg.de\/en\/category\/tiere-vermittlung\/\" rel=\"category tag\">Tiere - Tiervermittlung<\/a>","rttpg_excerpt":"Stella (geb. 05\/2024), unsere schwarze Sch\u00f6nheit, stammt von einem Hof im Landkreis Wunsiedel. Ist die erste Sch\u00fcchternheit Fremden gegen\u00fcber erst einmal \u00fcberwunden, zeigt Stella ihr wahres zauberhaftes Wesen, tobt, spielt &hellip; Continue reading Stella &rarr;","_links":{"self":[{"href":"https:\/\/www.tierhilfeweidenberg.de\/en\/wp-json\/wp\/v2\/posts\/4497","targetHints":{"allow":["GET"]}}],"collection":[{"href":"https:\/\/www.tierhilfeweidenberg.de\/en\/wp-json\/wp\/v2\/posts"}],"about":[{"href":"https:\/\/www.tierhilfeweidenberg.de\/en\/wp-json\/wp\/v2\/types\/post"}],"author":[{"embeddable":true,"href":"https:\/\/www.tierhilfeweidenberg.de\/en\/wp-json\/wp\/v2\/users\/2"}],"replies":[{"embeddable":true,"href":"https:\/\/www.tierhilfeweidenberg.de\/en\/wp-json\/wp\/v2\/comments?post=4497"}],"version-history":[{"count":2,"href":"https:\/\/www.tierhilfeweidenberg.de\/en\/wp-json\/wp\/v2\/posts\/4497\/revisions"}],"predecessor-version":[{"id":4778,"href":"https:\/\/www.tierhilfeweidenberg.de\/en\/wp-json\/wp\/v2\/posts\/4497\/revisions\/4778"}],"wp:attachment":[{"href":"https:\/\/www.tierhilfeweidenberg.de\/en\/wp-json\/wp\/v2\/media?parent=4497"}],"wp:term":[{"taxonomy":"category","embeddable":true,"href":"https:\/\/www.tierhilfeweidenberg.de\/en\/wp-json\/wp\/v2\/categories?post=4497"},{"taxonomy":"post_tag","embeddable":true,"href":"https:\/\/www.tierhilfeweidenberg.de\/en\/wp-json\/wp\/v2\/tags?post=4497"}],"curies":[{"name":"wp","href":"https:\/\/api.w.org\/{rel}","templated":true}]}}