{"id":4665,"date":"2025-08-08T08:13:29","date_gmt":"2025-08-08T06:13:29","guid":{"rendered":"https:\/\/www.tierhilfeweidenberg.de\/?p=4665"},"modified":"2025-08-08T08:13:29","modified_gmt":"2025-08-08T06:13:29","slug":"weltkatzentag-08-08-25","status":"publish","type":"post","link":"https:\/\/www.tierhilfeweidenberg.de\/en\/weltkatzentag-08-08-25\/","title":{"rendered":"Weltkatzentag 08.08.25"},"content":{"rendered":"\n<figure class=\"wp-block-gallery has-nested-images columns-default is-cropped wp-block-gallery-1 is-layout-flex wp-block-gallery-is-layout-flex\">\n<figure class=\"wp-block-image size-large\"><img loading=\"lazy\" decoding=\"async\" width=\"768\" height=\"1024\" data-id=\"4666\" src=\"https:\/\/www.tierhilfeweidenberg.de\/wp-content\/uploads\/2025\/08\/IMG-20250807-WA0006-768x1024.jpg\" alt=\"\" class=\"wp-image-4666\" srcset=\"https:\/\/www.tierhilfeweidenberg.de\/wp-content\/uploads\/2025\/08\/IMG-20250807-WA0006-768x1024.jpg 768w, https:\/\/www.tierhilfeweidenberg.de\/wp-content\/uploads\/2025\/08\/IMG-20250807-WA0006-225x300.jpg 225w, https:\/\/www.tierhilfeweidenberg.de\/wp-content\/uploads\/2025\/08\/IMG-20250807-WA0006-1152x1536.jpg 1152w, https:\/\/www.tierhilfeweidenberg.de\/wp-content\/uploads\/2025\/08\/IMG-20250807-WA0006.jpg 1536w\" sizes=\"auto, (max-width: 768px) 100vw, 768px\" \/><\/figure>\n<\/figure>\n\n\n\n<p>Zum heutigen Weltkatzentag hat unser Deutscher Tierschutzbund- Landesverband Bayern die folgende Pressemeldung herausgegeben, der wir uns uneingeschr\u00e4nkt anschlie\u00dfen.<\/p>\n\n\n\n<p>Die Bilder zeigen unsere gestrigen Neuzug\u00e4nge.<\/p>\n\n\n\n<figure class=\"wp-block-gallery has-nested-images columns-default is-cropped wp-block-gallery-2 is-layout-flex wp-block-gallery-is-layout-flex\">\n<figure class=\"wp-block-image size-large\"><img loading=\"lazy\" decoding=\"async\" width=\"768\" height=\"1024\" data-id=\"4667\" src=\"https:\/\/www.tierhilfeweidenberg.de\/wp-content\/uploads\/2025\/08\/IMG-20250807-WA0048-768x1024.jpg\" alt=\"\" class=\"wp-image-4667\" srcset=\"https:\/\/www.tierhilfeweidenberg.de\/wp-content\/uploads\/2025\/08\/IMG-20250807-WA0048-768x1024.jpg 768w, https:\/\/www.tierhilfeweidenberg.de\/wp-content\/uploads\/2025\/08\/IMG-20250807-WA0048-225x300.jpg 225w, https:\/\/www.tierhilfeweidenberg.de\/wp-content\/uploads\/2025\/08\/IMG-20250807-WA0048-1152x1536.jpg 1152w, https:\/\/www.tierhilfeweidenberg.de\/wp-content\/uploads\/2025\/08\/IMG-20250807-WA0048.jpg 1536w\" sizes=\"auto, (max-width: 768px) 100vw, 768px\" \/><\/figure>\n<\/figure>\n\n\n\n<p><a href=\"https:\/\/www.tierschutz-bayern.de\/posts\/weltkatzentag-katzenjammer-in-bayerns-tierheimen-an-der-tagesordnung-321.php\">https:\/\/www.tierschutz-bayern.de\/posts\/weltkatzentag-katzenjammer-in-bayerns-tierheimen-an-der-tagesordnung-321.php<\/a><\/p>\n","protected":false},"excerpt":{"rendered":"<p>Zum heutigen Weltkatzentag hat unser Deutscher Tierschutzbund- Landesverband Bayern die folgende Pressemeldung herausgegeben, der wir uns uneingeschr\u00e4nkt anschlie\u00dfen. Die Bilder zeigen unsere gestrigen Neuzug\u00e4nge. https:\/\/www.tierschutz-bayern.de\/posts\/weltkatzentag-katzenjammer-in-bayerns-tierheimen-an-der-tagesordnung-321.php<\/p>\n","protected":false},"author":2,"featured_media":0,"comment_status":"closed","ping_status":"closed","sticky":false,"template":"","format":"standard","meta":{"_EventAllDay":false,"_EventTimezone":"","_EventStartDate":"","_EventEndDate":"","_EventStartDateUTC":"","_EventEndDateUTC":"","_EventShowMap":false,"_EventShowMapLink":false,"_EventURL":"","_EventCost":"","_EventCostDescription":"","_EventCurrencySymbol":"","_EventCurrencyCode":"","_EventCurrencyPosition":"","_EventDateTimeSeparator":"","_EventTimeRangeSeparator":"","_EventOrganizerID":[],"_EventVenueID":[],"_OrganizerEmail":"","_OrganizerPhone":"","_OrganizerWebsite":"","_VenueAddress":"","_VenueCity":"","_VenueCountry":"","_VenueProvince":"","_VenueState":"","_VenueZip":"","_VenuePhone":"","_VenueURL":"","_VenueStateProvince":"","_VenueLat":"","_VenueLng":"","_VenueShowMap":false,"_VenueShowMapLink":false,"footnotes":""},"categories":[1],"tags":[],"class_list":["post-4665","post","type-post","status-publish","format-standard","hentry","category-allgemein"],"translation":{"provider":"WPGlobus","version":"3.0.2","language":"en","enabled_languages":["de","en"],"languages":{"de":{"title":true,"content":true,"excerpt":false},"en":{"title":false,"content":false,"excerpt":false}}},"rttpg_featured_image_url":null,"rttpg_author":{"display_name":"Tierhilfe Weidenberg","author_link":"https:\/\/www.tierhilfeweidenberg.de\/en\/author\/moderator\/"},"rttpg_comment":0,"rttpg_category":"<a href=\"https:\/\/www.tierhilfeweidenberg.de\/en\/category\/allgemein\/\" rel=\"category tag\">Allgemein<\/a>","rttpg_excerpt":"Zum heutigen Weltkatzentag hat unser Deutscher Tierschutzbund- Landesverband Bayern die folgende Pressemeldung herausgegeben, der wir uns uneingeschr\u00e4nkt anschlie\u00dfen. Die Bilder zeigen unsere gestrigen Neuzug\u00e4nge. https:\/\/www.tierschutz-bayern.de\/posts\/weltkatzentag-katzenjammer-in-bayerns-tierheimen-an-der-tagesordnung-321.php","_links":{"self":[{"href":"https:\/\/www.tierhilfeweidenberg.de\/en\/wp-json\/wp\/v2\/posts\/4665","targetHints":{"allow":["GET"]}}],"collection":[{"href":"https:\/\/www.tierhilfeweidenberg.de\/en\/wp-json\/wp\/v2\/posts"}],"about":[{"href":"https:\/\/www.tierhilfeweidenberg.de\/en\/wp-json\/wp\/v2\/types\/post"}],"author":[{"embeddable":true,"href":"https:\/\/www.tierhilfeweidenberg.de\/en\/wp-json\/wp\/v2\/users\/2"}],"replies":[{"embeddable":true,"href":"https:\/\/www.tierhilfeweidenberg.de\/en\/wp-json\/wp\/v2\/comments?post=4665"}],"version-history":[{"count":1,"href":"https:\/\/www.tierhilfeweidenberg.de\/en\/wp-json\/wp\/v2\/posts\/4665\/revisions"}],"predecessor-version":[{"id":4668,"href":"https:\/\/www.tierhilfeweidenberg.de\/en\/wp-json\/wp\/v2\/posts\/4665\/revisions\/4668"}],"wp:attachment":[{"href":"https:\/\/www.tierhilfeweidenberg.de\/en\/wp-json\/wp\/v2\/media?parent=4665"}],"wp:term":[{"taxonomy":"category","embeddable":true,"href":"https:\/\/www.tierhilfeweidenberg.de\/en\/wp-json\/wp\/v2\/categories?post=4665"},{"taxonomy":"post_tag","embeddable":true,"href":"https:\/\/www.tierhilfeweidenberg.de\/en\/wp-json\/wp\/v2\/tags?post=4665"}],"curies":[{"name":"wp","href":"https:\/\/api.w.org\/{rel}","templated":true}]}}