{"id":4810,"date":"2025-10-17T06:45:02","date_gmt":"2025-10-17T04:45:02","guid":{"rendered":"https:\/\/www.tierhilfeweidenberg.de\/?p=4810"},"modified":"2025-10-17T14:23:01","modified_gmt":"2025-10-17T12:23:01","slug":"schwer-verletzter-fundkater-bayreuth","status":"publish","type":"post","link":"https:\/\/www.tierhilfeweidenberg.de\/en\/schwer-verletzter-fundkater-bayreuth\/","title":{"rendered":"Schwer verletzte Fundkatze Bayreuth"},"content":{"rendered":"\n<p>(Update 17.10.25: Leider waren die Verletzungen viel schwerer als bisher angenommen.  Schweren Herzens mussten wir die S\u00fc\u00dfe gehenlassen.)<\/p>\n\n\n\n<figure class=\"wp-block-gallery has-nested-images columns-default is-cropped wp-block-gallery-1 is-layout-flex wp-block-gallery-is-layout-flex\">\n<figure class=\"wp-block-image size-large\"><img loading=\"lazy\" decoding=\"async\" width=\"576\" height=\"1024\" data-id=\"4811\" src=\"https:\/\/www.tierhilfeweidenberg.de\/wp-content\/uploads\/2025\/10\/IMG-20251016-WA0044-576x1024.jpg\" alt=\"\" class=\"wp-image-4811\" srcset=\"https:\/\/www.tierhilfeweidenberg.de\/wp-content\/uploads\/2025\/10\/IMG-20251016-WA0044-576x1024.jpg 576w, https:\/\/www.tierhilfeweidenberg.de\/wp-content\/uploads\/2025\/10\/IMG-20251016-WA0044-169x300.jpg 169w, https:\/\/www.tierhilfeweidenberg.de\/wp-content\/uploads\/2025\/10\/IMG-20251016-WA0044-768x1365.jpg 768w, https:\/\/www.tierhilfeweidenberg.de\/wp-content\/uploads\/2025\/10\/IMG-20251016-WA0044-864x1536.jpg 864w, https:\/\/www.tierhilfeweidenberg.de\/wp-content\/uploads\/2025\/10\/IMG-20251016-WA0044.jpg 900w\" sizes=\"auto, (max-width: 576px) 100vw, 576px\" \/><\/figure>\n<\/figure>\n\n\n\n<p>95448 Bayreuth\/Markgrafenallee (nahe JVA)<\/p>\n\n\n\n<p>Gestern (16.10.25) ging bei uns die Meldung ein, dass ein K\u00e4tzchen im Stra\u00dfenverkehr angefahren wurde und sich schwer verletzt in eine Hecke gefl\u00fcchtet hat.<\/p>\n\n\n\n<figure class=\"wp-block-gallery has-nested-images columns-default is-cropped wp-block-gallery-2 is-layout-flex wp-block-gallery-is-layout-flex\">\n<figure class=\"wp-block-image size-large\"><img loading=\"lazy\" decoding=\"async\" width=\"1024\" height=\"768\" data-id=\"4813\" src=\"https:\/\/www.tierhilfeweidenberg.de\/wp-content\/uploads\/2025\/10\/IMG-20251016-WA0054-1024x768.jpg\" alt=\"\" class=\"wp-image-4813\" srcset=\"https:\/\/www.tierhilfeweidenberg.de\/wp-content\/uploads\/2025\/10\/IMG-20251016-WA0054-1024x768.jpg 1024w, https:\/\/www.tierhilfeweidenberg.de\/wp-content\/uploads\/2025\/10\/IMG-20251016-WA0054-300x225.jpg 300w, https:\/\/www.tierhilfeweidenberg.de\/wp-content\/uploads\/2025\/10\/IMG-20251016-WA0054-768x576.jpg 768w, https:\/\/www.tierhilfeweidenberg.de\/wp-content\/uploads\/2025\/10\/IMG-20251016-WA0054-1536x1152.jpg 1536w, https:\/\/www.tierhilfeweidenberg.de\/wp-content\/uploads\/2025\/10\/IMG-20251016-WA0054.jpg 2048w\" sizes=\"auto, (max-width: 1024px) 100vw, 1024px\" \/><\/figure>\n\n\n\n<figure class=\"wp-block-image size-large\"><img loading=\"lazy\" decoding=\"async\" width=\"1024\" height=\"768\" data-id=\"4812\" src=\"https:\/\/www.tierhilfeweidenberg.de\/wp-content\/uploads\/2025\/10\/IMG-20251016-WA0055-1024x768.jpg\" alt=\"\" class=\"wp-image-4812\" srcset=\"https:\/\/www.tierhilfeweidenberg.de\/wp-content\/uploads\/2025\/10\/IMG-20251016-WA0055-1024x768.jpg 1024w, https:\/\/www.tierhilfeweidenberg.de\/wp-content\/uploads\/2025\/10\/IMG-20251016-WA0055-300x225.jpg 300w, https:\/\/www.tierhilfeweidenberg.de\/wp-content\/uploads\/2025\/10\/IMG-20251016-WA0055-768x576.jpg 768w, https:\/\/www.tierhilfeweidenberg.de\/wp-content\/uploads\/2025\/10\/IMG-20251016-WA0055.jpg 1288w\" sizes=\"auto, (max-width: 1024px) 100vw, 1024px\" \/><\/figure>\n<\/figure>\n\n\n\n<p>In Zusammenarbeit mit der Tierrettung Bayreuth e.V. konnte das bewegungsunf\u00e4hige Tier aus dem Busch herausgeschnitten und zur Versorgung in die Tierarztpraxis Frankenpfalz gebracht werden.<\/p>\n\n\n\n<p>Die arme Samtpfote hat bei dem Unfall einen einseitigen Bruch der H\u00fcfte erlitten und wird heute operiert.<\/p>\n\n\n\n<figure class=\"wp-block-gallery has-nested-images columns-default is-cropped wp-block-gallery-3 is-layout-flex wp-block-gallery-is-layout-flex\">\n<figure class=\"wp-block-image size-large\"><img loading=\"lazy\" decoding=\"async\" width=\"1024\" height=\"576\" data-id=\"4815\" src=\"https:\/\/www.tierhilfeweidenberg.de\/wp-content\/uploads\/2025\/10\/IMG-20251016-WA0034-1024x576.jpg\" alt=\"\" class=\"wp-image-4815\" srcset=\"https:\/\/www.tierhilfeweidenberg.de\/wp-content\/uploads\/2025\/10\/IMG-20251016-WA0034-1024x576.jpg 1024w, https:\/\/www.tierhilfeweidenberg.de\/wp-content\/uploads\/2025\/10\/IMG-20251016-WA0034-300x169.jpg 300w, https:\/\/www.tierhilfeweidenberg.de\/wp-content\/uploads\/2025\/10\/IMG-20251016-WA0034-768x432.jpg 768w, https:\/\/www.tierhilfeweidenberg.de\/wp-content\/uploads\/2025\/10\/IMG-20251016-WA0034-1536x864.jpg 1536w, https:\/\/www.tierhilfeweidenberg.de\/wp-content\/uploads\/2025\/10\/IMG-20251016-WA0034.jpg 2048w\" sizes=\"auto, (max-width: 1024px) 100vw, 1024px\" \/><\/figure>\n\n\n\n<figure class=\"wp-block-image size-large\"><img loading=\"lazy\" decoding=\"async\" width=\"1024\" height=\"768\" data-id=\"4814\" src=\"https:\/\/www.tierhilfeweidenberg.de\/wp-content\/uploads\/2025\/10\/IMG-20251016-WA0045-1024x768.jpg\" alt=\"\" class=\"wp-image-4814\" srcset=\"https:\/\/www.tierhilfeweidenberg.de\/wp-content\/uploads\/2025\/10\/IMG-20251016-WA0045-1024x768.jpg 1024w, https:\/\/www.tierhilfeweidenberg.de\/wp-content\/uploads\/2025\/10\/IMG-20251016-WA0045-300x225.jpg 300w, https:\/\/www.tierhilfeweidenberg.de\/wp-content\/uploads\/2025\/10\/IMG-20251016-WA0045-768x576.jpg 768w, https:\/\/www.tierhilfeweidenberg.de\/wp-content\/uploads\/2025\/10\/IMG-20251016-WA0045-1536x1152.jpg 1536w, https:\/\/www.tierhilfeweidenberg.de\/wp-content\/uploads\/2025\/10\/IMG-20251016-WA0045.jpg 1600w\" sizes=\"auto, (max-width: 1024px) 100vw, 1024px\" \/><\/figure>\n<\/figure>\n\n\n\n<p>Wem geh\u00f6rt der Katze, die wir &#8220;Lucca&#8221; genannt haben, oder kann Hinweise zu seinen Haltern geben \ud83d\ude4f?<\/p>\n\n\n\n<p>Tel. 0175-917 87 96  oder 0151-577 444 32.<\/p>\n","protected":false},"excerpt":{"rendered":"<p>(Update 17.10.25: Leider waren die Verletzungen viel schwerer als bisher angenommen. Schweren Herzens mussten wir die S\u00fc\u00dfe gehenlassen.) 95448 Bayreuth\/Markgrafenallee (nahe JVA) Gestern (16.10.25) ging bei uns die Meldung ein, &hellip; <a href=\"https:\/\/www.tierhilfeweidenberg.de\/en\/schwer-verletzter-fundkater-bayreuth\/\" class=\"more-link\">Continue reading <span class=\"screen-reader-text\">Schwer verletzte Fundkatze Bayreuth<\/span> <span class=\"meta-nav\">&rarr;<\/span><\/a><\/p>\n","protected":false},"author":2,"featured_media":0,"comment_status":"closed","ping_status":"closed","sticky":false,"template":"","format":"standard","meta":{"_EventAllDay":false,"_EventTimezone":"","_EventStartDate":"","_EventEndDate":"","_EventStartDateUTC":"","_EventEndDateUTC":"","_EventShowMap":false,"_EventShowMapLink":false,"_EventURL":"","_EventCost":"","_EventCostDescription":"","_EventCurrencySymbol":"","_EventCurrencyCode":"","_EventCurrencyPosition":"","_EventDateTimeSeparator":"","_EventTimeRangeSeparator":"","_EventOrganizerID":[],"_EventVenueID":[],"_OrganizerEmail":"","_OrganizerPhone":"","_OrganizerWebsite":"","_VenueAddress":"","_VenueCity":"","_VenueCountry":"","_VenueProvince":"","_VenueState":"","_VenueZip":"","_VenuePhone":"","_VenueURL":"","_VenueStateProvince":"","_VenueLat":"","_VenueLng":"","_VenueShowMap":false,"_VenueShowMapLink":false,"footnotes":""},"categories":[13],"tags":[],"class_list":["post-4810","post","type-post","status-publish","format-standard","hentry","category-tiere-gesucht-gefunden"],"translation":{"provider":"WPGlobus","version":"3.0.2","language":"en","enabled_languages":["de","en"],"languages":{"de":{"title":true,"content":true,"excerpt":false},"en":{"title":false,"content":false,"excerpt":false}}},"rttpg_featured_image_url":null,"rttpg_author":{"display_name":"Tierhilfe Weidenberg","author_link":"https:\/\/www.tierhilfeweidenberg.de\/en\/author\/moderator\/"},"rttpg_comment":0,"rttpg_category":"<a href=\"https:\/\/www.tierhilfeweidenberg.de\/en\/category\/tiere-gesucht-gefunden\/\" rel=\"category tag\">Tiere - Fundtiere<\/a>","rttpg_excerpt":"(Update 17.10.25: Leider waren die Verletzungen viel schwerer als bisher angenommen. Schweren Herzens mussten wir die S\u00fc\u00dfe gehenlassen.) 95448 Bayreuth\/Markgrafenallee (nahe JVA) Gestern (16.10.25) ging bei uns die Meldung ein, &hellip; Continue reading Schwer verletzte Fundkatze Bayreuth &rarr;","_links":{"self":[{"href":"https:\/\/www.tierhilfeweidenberg.de\/en\/wp-json\/wp\/v2\/posts\/4810","targetHints":{"allow":["GET"]}}],"collection":[{"href":"https:\/\/www.tierhilfeweidenberg.de\/en\/wp-json\/wp\/v2\/posts"}],"about":[{"href":"https:\/\/www.tierhilfeweidenberg.de\/en\/wp-json\/wp\/v2\/types\/post"}],"author":[{"embeddable":true,"href":"https:\/\/www.tierhilfeweidenberg.de\/en\/wp-json\/wp\/v2\/users\/2"}],"replies":[{"embeddable":true,"href":"https:\/\/www.tierhilfeweidenberg.de\/en\/wp-json\/wp\/v2\/comments?post=4810"}],"version-history":[{"count":3,"href":"https:\/\/www.tierhilfeweidenberg.de\/en\/wp-json\/wp\/v2\/posts\/4810\/revisions"}],"predecessor-version":[{"id":4819,"href":"https:\/\/www.tierhilfeweidenberg.de\/en\/wp-json\/wp\/v2\/posts\/4810\/revisions\/4819"}],"wp:attachment":[{"href":"https:\/\/www.tierhilfeweidenberg.de\/en\/wp-json\/wp\/v2\/media?parent=4810"}],"wp:term":[{"taxonomy":"category","embeddable":true,"href":"https:\/\/www.tierhilfeweidenberg.de\/en\/wp-json\/wp\/v2\/categories?post=4810"},{"taxonomy":"post_tag","embeddable":true,"href":"https:\/\/www.tierhilfeweidenberg.de\/en\/wp-json\/wp\/v2\/tags?post=4810"}],"curies":[{"name":"wp","href":"https:\/\/api.w.org\/{rel}","templated":true}]}}