{"id":5139,"date":"2026-04-27T06:40:46","date_gmt":"2026-04-27T04:40:46","guid":{"rendered":"https:\/\/www.tierhilfeweidenberg.de\/?p=5139"},"modified":"2026-04-27T06:40:49","modified_gmt":"2026-04-27T04:40:49","slug":"urmel-angel","status":"publish","type":"post","link":"https:\/\/www.tierhilfeweidenberg.de\/en\/urmel-angel\/","title":{"rendered":"Urmel &amp; Angel"},"content":{"rendered":"\n<figure class=\"wp-block-image size-large\"><img loading=\"lazy\" decoding=\"async\" width=\"1024\" height=\"638\" src=\"https:\/\/www.tierhilfeweidenberg.de\/wp-content\/uploads\/2026\/04\/IMG-20260423-WA0042-1024x638.jpg\" alt=\"\" class=\"wp-image-5140\" srcset=\"https:\/\/www.tierhilfeweidenberg.de\/wp-content\/uploads\/2026\/04\/IMG-20260423-WA0042-1024x638.jpg 1024w, https:\/\/www.tierhilfeweidenberg.de\/wp-content\/uploads\/2026\/04\/IMG-20260423-WA0042-300x187.jpg 300w, https:\/\/www.tierhilfeweidenberg.de\/wp-content\/uploads\/2026\/04\/IMG-20260423-WA0042-768x478.jpg 768w, https:\/\/www.tierhilfeweidenberg.de\/wp-content\/uploads\/2026\/04\/IMG-20260423-WA0042-1536x957.jpg 1536w, https:\/\/www.tierhilfeweidenberg.de\/wp-content\/uploads\/2026\/04\/IMG-20260423-WA0042-2048x1276.jpg 2048w\" sizes=\"auto, (max-width: 1024px) 100vw, 1024px\" \/><\/figure>\n\n\n\n<p>Angel (geb. Mitte Oktober 2024) und Urmel (geb. Januar 2024) haben sich auf unserer Pflegestelle in Veitsbronn (LK F\u00fcrth) kennen- und liebengelernt.<\/p>\n\n\n\n<figure class=\"wp-block-image size-large\"><img loading=\"lazy\" decoding=\"async\" width=\"799\" height=\"1024\" src=\"https:\/\/www.tierhilfeweidenberg.de\/wp-content\/uploads\/2026\/04\/IMG-20260423-WA0040-799x1024.jpg\" alt=\"\" class=\"wp-image-5143\" srcset=\"https:\/\/www.tierhilfeweidenberg.de\/wp-content\/uploads\/2026\/04\/IMG-20260423-WA0040-799x1024.jpg 799w, https:\/\/www.tierhilfeweidenberg.de\/wp-content\/uploads\/2026\/04\/IMG-20260423-WA0040-234x300.jpg 234w, https:\/\/www.tierhilfeweidenberg.de\/wp-content\/uploads\/2026\/04\/IMG-20260423-WA0040-768x984.jpg 768w, https:\/\/www.tierhilfeweidenberg.de\/wp-content\/uploads\/2026\/04\/IMG-20260423-WA0040.jpg 944w\" sizes=\"auto, (max-width: 799px) 100vw, 799px\" \/><figcaption class=\"wp-element-caption\">Urmel<\/figcaption><\/figure>\n\n\n\n<figure class=\"wp-block-image size-large\"><img loading=\"lazy\" decoding=\"async\" width=\"1024\" height=\"556\" src=\"https:\/\/www.tierhilfeweidenberg.de\/wp-content\/uploads\/2026\/04\/IMG-20260423-WA0041-1024x556.jpg\" alt=\"\" class=\"wp-image-5141\" srcset=\"https:\/\/www.tierhilfeweidenberg.de\/wp-content\/uploads\/2026\/04\/IMG-20260423-WA0041-1024x556.jpg 1024w, https:\/\/www.tierhilfeweidenberg.de\/wp-content\/uploads\/2026\/04\/IMG-20260423-WA0041-300x163.jpg 300w, https:\/\/www.tierhilfeweidenberg.de\/wp-content\/uploads\/2026\/04\/IMG-20260423-WA0041-768x417.jpg 768w, https:\/\/www.tierhilfeweidenberg.de\/wp-content\/uploads\/2026\/04\/IMG-20260423-WA0041-1536x835.jpg 1536w, https:\/\/www.tierhilfeweidenberg.de\/wp-content\/uploads\/2026\/04\/IMG-20260423-WA0041-2048x1113.jpg 2048w\" sizes=\"auto, (max-width: 1024px) 100vw, 1024px\" \/><\/figure>\n\n\n\n<p>Oft findet man die beiden Samtpfoten eng aneinander gekuschelt an einem der vielen Schlafpl\u00e4tze der Wohnung liegen.<\/p>\n\n\n\n<figure class=\"wp-block-image size-large\"><img loading=\"lazy\" decoding=\"async\" width=\"955\" height=\"1024\" src=\"https:\/\/www.tierhilfeweidenberg.de\/wp-content\/uploads\/2025\/09\/Screenshot_20250905_062658_Gallery-955x1024.jpg\" alt=\"\" class=\"wp-image-4685\" srcset=\"https:\/\/www.tierhilfeweidenberg.de\/wp-content\/uploads\/2025\/09\/Screenshot_20250905_062658_Gallery-955x1024.jpg 955w, https:\/\/www.tierhilfeweidenberg.de\/wp-content\/uploads\/2025\/09\/Screenshot_20250905_062658_Gallery-280x300.jpg 280w, https:\/\/www.tierhilfeweidenberg.de\/wp-content\/uploads\/2025\/09\/Screenshot_20250905_062658_Gallery-768x823.jpg 768w, https:\/\/www.tierhilfeweidenberg.de\/wp-content\/uploads\/2025\/09\/Screenshot_20250905_062658_Gallery.jpg 1080w\" sizes=\"auto, (max-width: 955px) 100vw, 955px\" \/><\/figure>\n\n\n\n<figure class=\"wp-block-image size-large\"><img loading=\"lazy\" decoding=\"async\" width=\"943\" height=\"1024\" src=\"https:\/\/www.tierhilfeweidenberg.de\/wp-content\/uploads\/2026\/04\/Screenshot_20260427_063137_Samsung-Internet-943x1024.jpg\" alt=\"\" class=\"wp-image-5142\" srcset=\"https:\/\/www.tierhilfeweidenberg.de\/wp-content\/uploads\/2026\/04\/Screenshot_20260427_063137_Samsung-Internet-943x1024.jpg 943w, https:\/\/www.tierhilfeweidenberg.de\/wp-content\/uploads\/2026\/04\/Screenshot_20260427_063137_Samsung-Internet-276x300.jpg 276w, https:\/\/www.tierhilfeweidenberg.de\/wp-content\/uploads\/2026\/04\/Screenshot_20260427_063137_Samsung-Internet-768x834.jpg 768w, https:\/\/www.tierhilfeweidenberg.de\/wp-content\/uploads\/2026\/04\/Screenshot_20260427_063137_Samsung-Internet-1415x1536.jpg 1415w, https:\/\/www.tierhilfeweidenberg.de\/wp-content\/uploads\/2026\/04\/Screenshot_20260427_063137_Samsung-Internet-1886x2048.jpg 1886w\" sizes=\"auto, (max-width: 943px) 100vw, 943px\" \/><\/figure>\n\n\n\n<p>Die beiden Damen sind neuen Menschen gegen\u00fcber sehr zur\u00fcckhaltend und brauchen etwas Zeit zum Auftauen. Ist das Eis dann allerdings gebrochen, gibt es kein Halten mehr und man wird mit Liebe regelrecht \u00fcbersch\u00fcttet.<\/p>\n\n\n\n<p>F\u00fcr Angel und Urmel w\u00fcnschen wir uns ein Zuhause, in das sie gemeinsam einziehen k\u00f6nnen.<\/p>\n\n\n\n<p>Anfragen nehmen wir gerne unter Tel. 0175-917 87 96 entgegen.<\/p>\n\n\n\n<p><\/p>\n","protected":false},"excerpt":{"rendered":"<p>Angel (geb. Mitte Oktober 2024) und Urmel (geb. Januar 2024) haben sich auf unserer Pflegestelle in Veitsbronn (LK F\u00fcrth) kennen- und liebengelernt. Oft findet man die beiden Samtpfoten eng aneinander &hellip; <a href=\"https:\/\/www.tierhilfeweidenberg.de\/en\/urmel-angel\/\" class=\"more-link\">Continue reading <span class=\"screen-reader-text\">Urmel &amp; Angel<\/span> <span class=\"meta-nav\">&rarr;<\/span><\/a><\/p>\n","protected":false},"author":2,"featured_media":0,"comment_status":"closed","ping_status":"closed","sticky":false,"template":"","format":"standard","meta":{"_EventAllDay":false,"_EventTimezone":"","_EventStartDate":"","_EventEndDate":"","_EventStartDateUTC":"","_EventEndDateUTC":"","_EventShowMap":false,"_EventShowMapLink":false,"_EventURL":"","_EventCost":"","_EventCostDescription":"","_EventCurrencySymbol":"","_EventCurrencyCode":"","_EventCurrencyPosition":"","_EventDateTimeSeparator":"","_EventTimeRangeSeparator":"","_EventOrganizerID":[],"_EventVenueID":[],"_OrganizerEmail":"","_OrganizerPhone":"","_OrganizerWebsite":"","_VenueAddress":"","_VenueCity":"","_VenueCountry":"","_VenueProvince":"","_VenueState":"","_VenueZip":"","_VenuePhone":"","_VenueURL":"","_VenueStateProvince":"","_VenueLat":"","_VenueLng":"","_VenueShowMap":false,"_VenueShowMapLink":false,"footnotes":""},"categories":[14],"tags":[],"class_list":["post-5139","post","type-post","status-publish","format-standard","hentry","category-tiere-vermittlung"],"translation":{"provider":"WPGlobus","version":"3.0.2","language":"en","enabled_languages":["de","en"],"languages":{"de":{"title":true,"content":true,"excerpt":false},"en":{"title":false,"content":false,"excerpt":false}}},"rttpg_featured_image_url":null,"rttpg_author":{"display_name":"Tierhilfe Weidenberg","author_link":"https:\/\/www.tierhilfeweidenberg.de\/en\/author\/moderator\/"},"rttpg_comment":0,"rttpg_category":"<a href=\"https:\/\/www.tierhilfeweidenberg.de\/en\/category\/tiere-vermittlung\/\" rel=\"category tag\">Tiere - Tiervermittlung<\/a>","rttpg_excerpt":"Angel (geb. Mitte Oktober 2024) und Urmel (geb. Januar 2024) haben sich auf unserer Pflegestelle in Veitsbronn (LK F\u00fcrth) kennen- und liebengelernt. Oft findet man die beiden Samtpfoten eng aneinander &hellip; Continue reading Urmel &amp; Angel &rarr;","_links":{"self":[{"href":"https:\/\/www.tierhilfeweidenberg.de\/en\/wp-json\/wp\/v2\/posts\/5139","targetHints":{"allow":["GET"]}}],"collection":[{"href":"https:\/\/www.tierhilfeweidenberg.de\/en\/wp-json\/wp\/v2\/posts"}],"about":[{"href":"https:\/\/www.tierhilfeweidenberg.de\/en\/wp-json\/wp\/v2\/types\/post"}],"author":[{"embeddable":true,"href":"https:\/\/www.tierhilfeweidenberg.de\/en\/wp-json\/wp\/v2\/users\/2"}],"replies":[{"embeddable":true,"href":"https:\/\/www.tierhilfeweidenberg.de\/en\/wp-json\/wp\/v2\/comments?post=5139"}],"version-history":[{"count":1,"href":"https:\/\/www.tierhilfeweidenberg.de\/en\/wp-json\/wp\/v2\/posts\/5139\/revisions"}],"predecessor-version":[{"id":5144,"href":"https:\/\/www.tierhilfeweidenberg.de\/en\/wp-json\/wp\/v2\/posts\/5139\/revisions\/5144"}],"wp:attachment":[{"href":"https:\/\/www.tierhilfeweidenberg.de\/en\/wp-json\/wp\/v2\/media?parent=5139"}],"wp:term":[{"taxonomy":"category","embeddable":true,"href":"https:\/\/www.tierhilfeweidenberg.de\/en\/wp-json\/wp\/v2\/categories?post=5139"},{"taxonomy":"post_tag","embeddable":true,"href":"https:\/\/www.tierhilfeweidenberg.de\/en\/wp-json\/wp\/v2\/tags?post=5139"}],"curies":[{"name":"wp","href":"https:\/\/api.w.org\/{rel}","templated":true}]}}