{"id":572,"date":"2017-10-20T16:45:26","date_gmt":"2017-10-20T14:45:26","guid":{"rendered":"http:\/\/www.tierhilfeweidenberg.de\/?p=572"},"modified":"2017-10-20T16:45:26","modified_gmt":"2017-10-20T14:45:26","slug":"hamster-grosseinsatz","status":"publish","type":"post","link":"https:\/\/www.tierhilfeweidenberg.de\/en\/hamster-grosseinsatz\/","title":{"rendered":"Hamster-Gro\u00dfeinsatz"},"content":{"rendered":"<p>K\u00fcrzlich erreichte uns die Anfrage von Eva Rogler unseres befreundeten Tierheims in Selb, ob wir bei einem besonderen Fall helfen k\u00f6nnten. Im Juli diesen Jahres hatte das Kreisveterin\u00e4ramt Troisdorf bei K\u00f6ln \u00fcber 3000 Hamster und 200 V\u00f6gel aus einem illegalen Transport beschlagnahmt, die in der Folge an Hilfsstationen deutschlandweit verteilt werden musten. Einige hundert Hamster kamen ins M\u00e4usea-Asyl nach Dachau, von wo aus das Tierheim Selb welche aufnehmen und vermitteln w<span class=\"text_exposed_hide\">&#8230;<\/span><span class=\"text_exposed_show\">ollte.<br \/>\nNat\u00fcrlich sagten wir zu, hier zu unterst\u00fctzen und starteten einen Aufruf. Vier Endstellen f\u00fcr die kleinen Nager konnten wir in kurzer Zeit finden und zwei Pflegestellen zur Verf\u00fcgung stellen.<br \/>\nZu aller Tragik kam in der Zwischenzeit noch der Mega-Notfall mit \u00fcber 7000 beschlagnahmten Tieren in Amberg dazu, auch hier hei\u00dft es, Zusammenhalt im Tierschutz zu signalisieren und Hilfe bereit zu stellen. Durch die \u00dcbernahme von Kleintieren auf unseren Pflegestellen und Vermittlungshilfe k\u00f6nnen wir die beteiligten Tierheime wenigstens ein kleines St\u00fcck entlasten.<br \/>\nAm Donnerstag, 19. Oktober 2017, war es so weit, der Hamster-Transport setzte sich in Bewegung und Eva Rogler fuhr mit insgesamt 15 Tieren von M\u00fcnchen nach Selb. In Bayreuth hatten wir die \u00dcbergabe unserer Hamster vereinbart. Die kleinen Dsungaren-Hybriden, allesamt Weibchen, hatten die Fahrt bis dahin gut \u00fcberstanden und wurden von ihren neuen Besitzerinnen sowie den Pflegestellenbetreuerinnen schon in Empfang genommen. Sogar ein Pressefotograf begleitete die Aktion, da der Nordbayerische Kurier n\u00e4chste Woche dar\u00fcber berichten m\u00f6chte.<br \/>\nUnsere beiden Vermittlungstiere werden in K\u00fcrze auf unserer Vermittlungsseite vorgestellt und k\u00f6nnen dann nach Absprache auf den Pflegestellen kennengelernt werden.<\/span><\/p>\n<p><img loading=\"lazy\" decoding=\"async\" class=\"alignnone size-medium wp-image-573\" src=\"https:\/\/www.tierhilfeweidenberg.de\/wp-content\/uploads\/2017\/10\/20171019_200900_resized-300x225.jpg\" alt=\"\" width=\"300\" height=\"225\" srcset=\"https:\/\/www.tierhilfeweidenberg.de\/wp-content\/uploads\/2017\/10\/20171019_200900_resized-300x225.jpg 300w, https:\/\/www.tierhilfeweidenberg.de\/wp-content\/uploads\/2017\/10\/20171019_200900_resized-768x576.jpg 768w, https:\/\/www.tierhilfeweidenberg.de\/wp-content\/uploads\/2017\/10\/20171019_200900_resized-1024x768.jpg 1024w, https:\/\/www.tierhilfeweidenberg.de\/wp-content\/uploads\/2017\/10\/20171019_200900_resized.jpg 1944w\" sizes=\"auto, (max-width: 300px) 100vw, 300px\" \/> <img loading=\"lazy\" decoding=\"async\" class=\"alignnone size-medium wp-image-574\" src=\"https:\/\/www.tierhilfeweidenberg.de\/wp-content\/uploads\/2017\/10\/20171019_200918_resized-225x300.jpg\" alt=\"\" width=\"225\" height=\"300\" srcset=\"https:\/\/www.tierhilfeweidenberg.de\/wp-content\/uploads\/2017\/10\/20171019_200918_resized-225x300.jpg 225w, https:\/\/www.tierhilfeweidenberg.de\/wp-content\/uploads\/2017\/10\/20171019_200918_resized-768x1024.jpg 768w, https:\/\/www.tierhilfeweidenberg.de\/wp-content\/uploads\/2017\/10\/20171019_200918_resized.jpg 1458w\" sizes=\"auto, (max-width: 225px) 100vw, 225px\" \/> <img loading=\"lazy\" decoding=\"async\" class=\"alignnone size-medium wp-image-575\" src=\"https:\/\/www.tierhilfeweidenberg.de\/wp-content\/uploads\/2017\/10\/20171019_201241_resized-225x300.jpg\" alt=\"\" width=\"225\" height=\"300\" srcset=\"https:\/\/www.tierhilfeweidenberg.de\/wp-content\/uploads\/2017\/10\/20171019_201241_resized-225x300.jpg 225w, https:\/\/www.tierhilfeweidenberg.de\/wp-content\/uploads\/2017\/10\/20171019_201241_resized-768x1024.jpg 768w, https:\/\/www.tierhilfeweidenberg.de\/wp-content\/uploads\/2017\/10\/20171019_201241_resized.jpg 1458w\" sizes=\"auto, (max-width: 225px) 100vw, 225px\" \/> <img loading=\"lazy\" decoding=\"async\" class=\"alignnone size-medium wp-image-576\" src=\"https:\/\/www.tierhilfeweidenberg.de\/wp-content\/uploads\/2017\/10\/20171019_201215_resized-225x300.jpg\" alt=\"\" width=\"225\" height=\"300\" srcset=\"https:\/\/www.tierhilfeweidenberg.de\/wp-content\/uploads\/2017\/10\/20171019_201215_resized-225x300.jpg 225w, https:\/\/www.tierhilfeweidenberg.de\/wp-content\/uploads\/2017\/10\/20171019_201215_resized-768x1024.jpg 768w, https:\/\/www.tierhilfeweidenberg.de\/wp-content\/uploads\/2017\/10\/20171019_201215_resized.jpg 1458w\" sizes=\"auto, (max-width: 225px) 100vw, 225px\" \/><\/p>\n<p>&nbsp;<\/p>\n","protected":false},"excerpt":{"rendered":"<p>K\u00fcrzlich erreichte uns die Anfrage von Eva Rogler unseres befreundeten Tierheims in Selb, ob wir bei einem besonderen Fall helfen k\u00f6nnten. Im Juli diesen Jahres hatte das Kreisveterin\u00e4ramt Troisdorf bei &hellip; <a href=\"https:\/\/www.tierhilfeweidenberg.de\/en\/hamster-grosseinsatz\/\" class=\"more-link\">Continue reading <span class=\"screen-reader-text\">Hamster-Gro\u00dfeinsatz<\/span> <span class=\"meta-nav\">&rarr;<\/span><\/a><\/p>\n","protected":false},"author":2,"featured_media":0,"comment_status":"closed","ping_status":"open","sticky":false,"template":"","format":"standard","meta":{"_EventAllDay":false,"_EventTimezone":"","_EventStartDate":"","_EventEndDate":"","_EventStartDateUTC":"","_EventEndDateUTC":"","_EventShowMap":false,"_EventShowMapLink":false,"_EventURL":"","_EventCost":"","_EventCostDescription":"","_EventCurrencySymbol":"","_EventCurrencyCode":"","_EventCurrencyPosition":"","_EventDateTimeSeparator":"","_EventTimeRangeSeparator":"","_EventOrganizerID":[],"_EventVenueID":[],"_OrganizerEmail":"","_OrganizerPhone":"","_OrganizerWebsite":"","_VenueAddress":"","_VenueCity":"","_VenueCountry":"","_VenueProvince":"","_VenueState":"","_VenueZip":"","_VenuePhone":"","_VenueURL":"","_VenueStateProvince":"","_VenueLat":"","_VenueLng":"","_VenueShowMap":false,"_VenueShowMapLink":false,"footnotes":""},"categories":[12],"tags":[58,57],"class_list":["post-572","post","type-post","status-publish","format-standard","hentry","category-aktionen","tag-dsungaren","tag-hamster"],"translation":{"provider":"WPGlobus","version":"3.0.2","language":"en","enabled_languages":["de","en"],"languages":{"de":{"title":true,"content":true,"excerpt":false},"en":{"title":false,"content":false,"excerpt":false}}},"rttpg_featured_image_url":null,"rttpg_author":{"display_name":"Tierhilfe Weidenberg","author_link":"https:\/\/www.tierhilfeweidenberg.de\/en\/author\/moderator\/"},"rttpg_comment":0,"rttpg_category":"<a href=\"https:\/\/www.tierhilfeweidenberg.de\/en\/category\/aktionen\/\" rel=\"category tag\">Aktionen<\/a>","rttpg_excerpt":"K\u00fcrzlich erreichte uns die Anfrage von Eva Rogler unseres befreundeten Tierheims in Selb, ob wir bei einem besonderen Fall helfen k\u00f6nnten. Im Juli diesen Jahres hatte das Kreisveterin\u00e4ramt Troisdorf bei &hellip; Continue reading Hamster-Gro\u00dfeinsatz &rarr;","_links":{"self":[{"href":"https:\/\/www.tierhilfeweidenberg.de\/en\/wp-json\/wp\/v2\/posts\/572","targetHints":{"allow":["GET"]}}],"collection":[{"href":"https:\/\/www.tierhilfeweidenberg.de\/en\/wp-json\/wp\/v2\/posts"}],"about":[{"href":"https:\/\/www.tierhilfeweidenberg.de\/en\/wp-json\/wp\/v2\/types\/post"}],"author":[{"embeddable":true,"href":"https:\/\/www.tierhilfeweidenberg.de\/en\/wp-json\/wp\/v2\/users\/2"}],"replies":[{"embeddable":true,"href":"https:\/\/www.tierhilfeweidenberg.de\/en\/wp-json\/wp\/v2\/comments?post=572"}],"version-history":[{"count":1,"href":"https:\/\/www.tierhilfeweidenberg.de\/en\/wp-json\/wp\/v2\/posts\/572\/revisions"}],"predecessor-version":[{"id":577,"href":"https:\/\/www.tierhilfeweidenberg.de\/en\/wp-json\/wp\/v2\/posts\/572\/revisions\/577"}],"wp:attachment":[{"href":"https:\/\/www.tierhilfeweidenberg.de\/en\/wp-json\/wp\/v2\/media?parent=572"}],"wp:term":[{"taxonomy":"category","embeddable":true,"href":"https:\/\/www.tierhilfeweidenberg.de\/en\/wp-json\/wp\/v2\/categories?post=572"},{"taxonomy":"post_tag","embeddable":true,"href":"https:\/\/www.tierhilfeweidenberg.de\/en\/wp-json\/wp\/v2\/tags?post=572"}],"curies":[{"name":"wp","href":"https:\/\/api.w.org\/{rel}","templated":true}]}}