{"id":581,"date":"2017-10-22T23:22:31","date_gmt":"2017-10-22T21:22:31","guid":{"rendered":"http:\/\/www.tierhilfeweidenberg.de\/?p=581"},"modified":"2017-10-22T23:22:31","modified_gmt":"2017-10-22T21:22:31","slug":"hilfsaktion-fuers-tierheim-amberg","status":"publish","type":"post","link":"https:\/\/www.tierhilfeweidenberg.de\/en\/hilfsaktion-fuers-tierheim-amberg\/","title":{"rendered":"Hilfsaktion f\u00fcrs Tierheim Amberg"},"content":{"rendered":"<div id=\"id_59ed0aef37dea3b55819473\" class=\"text_exposed_root text_exposed\">\n<p>Wir\u00a0kehrten\u00a0am Abend des 22. Oktobers\u00a0sp\u00e4t heim nach einem Tag voller tief bewegender Eindr\u00fccke! Mit drei Leuten durften wir das Tierheim Amberg besuchen, wo letztes Wochenende der Massentransport mit \u00fcber 7000 Kleintieren aufgenommen wurde. Was die Mitarbeiter und ehrenamtlichen Helfer dort seither leisten, ist unermesslich! Dabei geschieht dort alles in ruhiger und freundlicher Atmosph\u00e4re, als w\u00e4re ein Fall diesen Ausma\u00dfes allt\u00e4glich. Erst, wenn man sich wie wir selbst ein Bild gemacht h<span class=\"text_exposed_hide\">&#8230;<\/span><span class=\"text_exposed_show\">at, kann man erahnen, was dort passiert! Dabei wurde ein Gro\u00dfteil der Tiere bereits auf andere Tierheime umverteilt.<\/span><\/p>\n<div class=\"text_exposed_show\">\n<p>Wir konnten heute in Amberg nur einen winzigen Beitrag leisten, haben einige der gespendeten K\u00e4fige mit hergerichtet, beim Verteilen der Ratten und M\u00e4use geholfen und dabei ein paar der schlimmsten F\u00e4lle der noch vorhandenen Tiere separiert, um sie sp\u00e4ter mitzunehmen.<br \/>\nDerzeit werden die Tiere nur an Tierheime und Vereine abgegeben, die, wie wir, Mitglied des Deutschen Tierschutzbundes sind. Auch sind sie beh\u00f6rdlich noch nicht frei gegeben.<\/p>\n<p>Wir haben schlie\u00dflich 10 der Ratten f\u00fcr unsere Pflegestelle bei Krissy M\u00fcller mitgenommen, die aufgrund ihrer eigenen Ratten-Notstation erfahen genug ist, die teils kranken und auch tr\u00e4chtigen Tiere entsprechend zu versorgen.<br \/>\nAuch eine hochtr\u00e4chtige M\u00e4usemama durfte mit uns kommen und kann auf unserer Pflegestelle in Ruhe ihre Babys bekommen. In der stressvollen Enge der K\u00e4fige dort, h\u00e4tten die Kleinen mit Sicherheit keine \u00dcberlebenschance gehabt.<\/p>\n<p>Die Spendenbereitschaft f\u00fcr das Tierheim Amberg nach dem Notfall war enorm, mit Rattenfutter beispielsweise ist man dort derzeit gut versorgt. Was jedoch dringend noch ben\u00f6tigt sind M\u00e4usefutter und -k\u00e4fige (mit kleinem Gitterabstand oder Nagarien). Wer hier noch helfen kann, bitte direkt mit dem Tierheim in Verbindung setzen.<br \/>\nAnsonsten freuen auch wir uns \u00fcber eine Geldspende, um unsere neuen Pfleglinge versorgen und auf eine Vermittlung vorbereiten zu k\u00f6nnen. Auf unserer Amazon-Wunschliste findet man auch Zubeh\u00f6r und Spezialfutter, was wir dringend ben\u00f6tigen. Wir danken allen, die mit helfen, dass auch die Kleinsten ad\u00e4quat versorgt werden!<\/p>\n<p><img loading=\"lazy\" decoding=\"async\" class=\"alignnone size-medium wp-image-582\" src=\"https:\/\/www.tierhilfeweidenberg.de\/wp-content\/uploads\/2017\/10\/20171022_120851-225x300.jpg\" alt=\"\" width=\"225\" height=\"300\" srcset=\"https:\/\/www.tierhilfeweidenberg.de\/wp-content\/uploads\/2017\/10\/20171022_120851-225x300.jpg 225w, https:\/\/www.tierhilfeweidenberg.de\/wp-content\/uploads\/2017\/10\/20171022_120851-768x1024.jpg 768w, https:\/\/www.tierhilfeweidenberg.de\/wp-content\/uploads\/2017\/10\/20171022_120851.jpg 1944w\" sizes=\"auto, (max-width: 225px) 100vw, 225px\" \/> <img loading=\"lazy\" decoding=\"async\" class=\"alignnone size-medium wp-image-583\" src=\"https:\/\/www.tierhilfeweidenberg.de\/wp-content\/uploads\/2017\/10\/20171022_120903-300x225.jpg\" alt=\"\" width=\"300\" height=\"225\" srcset=\"https:\/\/www.tierhilfeweidenberg.de\/wp-content\/uploads\/2017\/10\/20171022_120903-300x225.jpg 300w, https:\/\/www.tierhilfeweidenberg.de\/wp-content\/uploads\/2017\/10\/20171022_120903-768x576.jpg 768w, https:\/\/www.tierhilfeweidenberg.de\/wp-content\/uploads\/2017\/10\/20171022_120903-1024x768.jpg 1024w\" sizes=\"auto, (max-width: 300px) 100vw, 300px\" \/> <img loading=\"lazy\" decoding=\"async\" class=\"alignnone size-medium wp-image-584\" src=\"https:\/\/www.tierhilfeweidenberg.de\/wp-content\/uploads\/2017\/10\/20171022_124706-225x300.jpg\" alt=\"\" width=\"225\" height=\"300\" srcset=\"https:\/\/www.tierhilfeweidenberg.de\/wp-content\/uploads\/2017\/10\/20171022_124706-225x300.jpg 225w, https:\/\/www.tierhilfeweidenberg.de\/wp-content\/uploads\/2017\/10\/20171022_124706-768x1024.jpg 768w, https:\/\/www.tierhilfeweidenberg.de\/wp-content\/uploads\/2017\/10\/20171022_124706.jpg 1944w\" sizes=\"auto, (max-width: 225px) 100vw, 225px\" \/> <img loading=\"lazy\" decoding=\"async\" class=\"alignnone size-medium wp-image-585\" src=\"https:\/\/www.tierhilfeweidenberg.de\/wp-content\/uploads\/2017\/10\/20171022_124713-225x300.jpg\" alt=\"\" width=\"225\" height=\"300\" srcset=\"https:\/\/www.tierhilfeweidenberg.de\/wp-content\/uploads\/2017\/10\/20171022_124713-225x300.jpg 225w, https:\/\/www.tierhilfeweidenberg.de\/wp-content\/uploads\/2017\/10\/20171022_124713-768x1024.jpg 768w, https:\/\/www.tierhilfeweidenberg.de\/wp-content\/uploads\/2017\/10\/20171022_124713.jpg 1944w\" sizes=\"auto, (max-width: 225px) 100vw, 225px\" \/> <img loading=\"lazy\" decoding=\"async\" class=\"alignnone size-medium wp-image-586\" src=\"https:\/\/www.tierhilfeweidenberg.de\/wp-content\/uploads\/2017\/10\/20171022_130544-225x300.jpg\" alt=\"\" width=\"225\" height=\"300\" srcset=\"https:\/\/www.tierhilfeweidenberg.de\/wp-content\/uploads\/2017\/10\/20171022_130544-225x300.jpg 225w, https:\/\/www.tierhilfeweidenberg.de\/wp-content\/uploads\/2017\/10\/20171022_130544-768x1024.jpg 768w, https:\/\/www.tierhilfeweidenberg.de\/wp-content\/uploads\/2017\/10\/20171022_130544.jpg 1944w\" sizes=\"auto, (max-width: 225px) 100vw, 225px\" \/> <img loading=\"lazy\" decoding=\"async\" class=\"alignnone size-medium wp-image-587\" src=\"https:\/\/www.tierhilfeweidenberg.de\/wp-content\/uploads\/2017\/10\/20171022_141740-225x300.jpg\" alt=\"\" width=\"225\" height=\"300\" srcset=\"https:\/\/www.tierhilfeweidenberg.de\/wp-content\/uploads\/2017\/10\/20171022_141740-225x300.jpg 225w, https:\/\/www.tierhilfeweidenberg.de\/wp-content\/uploads\/2017\/10\/20171022_141740-768x1024.jpg 768w, https:\/\/www.tierhilfeweidenberg.de\/wp-content\/uploads\/2017\/10\/20171022_141740.jpg 1944w\" sizes=\"auto, (max-width: 225px) 100vw, 225px\" \/> <img loading=\"lazy\" decoding=\"async\" class=\"alignnone size-medium wp-image-588\" src=\"https:\/\/www.tierhilfeweidenberg.de\/wp-content\/uploads\/2017\/10\/20171022_141914-225x300.jpg\" alt=\"\" width=\"225\" height=\"300\" srcset=\"https:\/\/www.tierhilfeweidenberg.de\/wp-content\/uploads\/2017\/10\/20171022_141914-225x300.jpg 225w, https:\/\/www.tierhilfeweidenberg.de\/wp-content\/uploads\/2017\/10\/20171022_141914-768x1024.jpg 768w, https:\/\/www.tierhilfeweidenberg.de\/wp-content\/uploads\/2017\/10\/20171022_141914.jpg 1944w\" sizes=\"auto, (max-width: 225px) 100vw, 225px\" \/> <img loading=\"lazy\" decoding=\"async\" class=\"alignnone size-medium wp-image-589\" src=\"https:\/\/www.tierhilfeweidenberg.de\/wp-content\/uploads\/2017\/10\/20171022_153516-225x300.jpg\" alt=\"\" width=\"225\" height=\"300\" srcset=\"https:\/\/www.tierhilfeweidenberg.de\/wp-content\/uploads\/2017\/10\/20171022_153516-225x300.jpg 225w, https:\/\/www.tierhilfeweidenberg.de\/wp-content\/uploads\/2017\/10\/20171022_153516-768x1024.jpg 768w, https:\/\/www.tierhilfeweidenberg.de\/wp-content\/uploads\/2017\/10\/20171022_153516.jpg 1944w\" sizes=\"auto, (max-width: 225px) 100vw, 225px\" \/><\/p>\n<p>&nbsp;<\/p>\n<\/div>\n<\/div>\n","protected":false},"excerpt":{"rendered":"<p>Wir\u00a0kehrten\u00a0am Abend des 22. Oktobers\u00a0sp\u00e4t heim nach einem Tag voller tief bewegender Eindr\u00fccke! Mit drei Leuten durften wir das Tierheim Amberg besuchen, wo letztes Wochenende der Massentransport mit \u00fcber 7000 &hellip; <a href=\"https:\/\/www.tierhilfeweidenberg.de\/en\/hilfsaktion-fuers-tierheim-amberg\/\" class=\"more-link\">Continue reading <span class=\"screen-reader-text\">Hilfsaktion f\u00fcrs Tierheim Amberg<\/span> <span class=\"meta-nav\">&rarr;<\/span><\/a><\/p>\n","protected":false},"author":2,"featured_media":0,"comment_status":"closed","ping_status":"open","sticky":false,"template":"","format":"standard","meta":{"_EventAllDay":false,"_EventTimezone":"","_EventStartDate":"","_EventEndDate":"","_EventStartDateUTC":"","_EventEndDateUTC":"","_EventShowMap":false,"_EventShowMapLink":false,"_EventURL":"","_EventCost":"","_EventCostDescription":"","_EventCurrencySymbol":"","_EventCurrencyCode":"","_EventCurrencyPosition":"","_EventDateTimeSeparator":"","_EventTimeRangeSeparator":"","_EventOrganizerID":[],"_EventVenueID":[],"_OrganizerEmail":"","_OrganizerPhone":"","_OrganizerWebsite":"","_VenueAddress":"","_VenueCity":"","_VenueCountry":"","_VenueProvince":"","_VenueState":"","_VenueZip":"","_VenuePhone":"","_VenueURL":"","_VenueStateProvince":"","_VenueLat":"","_VenueLng":"","_VenueShowMap":false,"_VenueShowMapLink":false,"footnotes":""},"categories":[12],"tags":[59,61,60],"class_list":["post-581","post","type-post","status-publish","format-standard","hentry","category-aktionen","tag-amberg","tag-haeuse","tag-ratten"],"translation":{"provider":"WPGlobus","version":"3.0.2","language":"en","enabled_languages":["de","en"],"languages":{"de":{"title":true,"content":true,"excerpt":false},"en":{"title":false,"content":false,"excerpt":false}}},"rttpg_featured_image_url":null,"rttpg_author":{"display_name":"Tierhilfe Weidenberg","author_link":"https:\/\/www.tierhilfeweidenberg.de\/en\/author\/moderator\/"},"rttpg_comment":0,"rttpg_category":"<a href=\"https:\/\/www.tierhilfeweidenberg.de\/en\/category\/aktionen\/\" rel=\"category tag\">Aktionen<\/a>","rttpg_excerpt":"Wir\u00a0kehrten\u00a0am Abend des 22. Oktobers\u00a0sp\u00e4t heim nach einem Tag voller tief bewegender Eindr\u00fccke! Mit drei Leuten durften wir das Tierheim Amberg besuchen, wo letztes Wochenende der Massentransport mit \u00fcber 7000 &hellip; Continue reading Hilfsaktion f\u00fcrs Tierheim Amberg &rarr;","_links":{"self":[{"href":"https:\/\/www.tierhilfeweidenberg.de\/en\/wp-json\/wp\/v2\/posts\/581","targetHints":{"allow":["GET"]}}],"collection":[{"href":"https:\/\/www.tierhilfeweidenberg.de\/en\/wp-json\/wp\/v2\/posts"}],"about":[{"href":"https:\/\/www.tierhilfeweidenberg.de\/en\/wp-json\/wp\/v2\/types\/post"}],"author":[{"embeddable":true,"href":"https:\/\/www.tierhilfeweidenberg.de\/en\/wp-json\/wp\/v2\/users\/2"}],"replies":[{"embeddable":true,"href":"https:\/\/www.tierhilfeweidenberg.de\/en\/wp-json\/wp\/v2\/comments?post=581"}],"version-history":[{"count":1,"href":"https:\/\/www.tierhilfeweidenberg.de\/en\/wp-json\/wp\/v2\/posts\/581\/revisions"}],"predecessor-version":[{"id":590,"href":"https:\/\/www.tierhilfeweidenberg.de\/en\/wp-json\/wp\/v2\/posts\/581\/revisions\/590"}],"wp:attachment":[{"href":"https:\/\/www.tierhilfeweidenberg.de\/en\/wp-json\/wp\/v2\/media?parent=581"}],"wp:term":[{"taxonomy":"category","embeddable":true,"href":"https:\/\/www.tierhilfeweidenberg.de\/en\/wp-json\/wp\/v2\/categories?post=581"},{"taxonomy":"post_tag","embeddable":true,"href":"https:\/\/www.tierhilfeweidenberg.de\/en\/wp-json\/wp\/v2\/tags?post=581"}],"curies":[{"name":"wp","href":"https:\/\/api.w.org\/{rel}","templated":true}]}}