{"id":628,"date":"2017-11-04T13:26:50","date_gmt":"2017-11-04T12:26:50","guid":{"rendered":"http:\/\/www.tierhilfeweidenberg.de\/?p=628"},"modified":"2017-11-04T13:26:50","modified_gmt":"2017-11-04T12:26:50","slug":"trauer-um-vereins-maskottchen-clara","status":"publish","type":"post","link":"https:\/\/www.tierhilfeweidenberg.de\/en\/trauer-um-vereins-maskottchen-clara\/","title":{"rendered":"Trauer um Vereins-Maskottchen Clara"},"content":{"rendered":"<p>Am Nachmittag des 3. November 2017 blieb die Zeit f\u00fcr unseren Verein f\u00fcr einen Moment stehen. Wir mussten uns von Clara verabschieden, die viel mehr war als nur unser Maskottchen.<br \/>\nVor \u00fcber einem Jahr, im August 2016, wurde Clara gefunden und nach tier\u00e4rztlicher Diagnose mehrerer Tumore im Bauch und einem b\u00f6sartigen Hauttumor an der Nase war uns schnell klar, dass die alte Katze vermutlich von ihren Besitzern &#8220;entsorgt&#8221; worden war. Nie hat sich trotz intensiver Suche jemand nach ihr erkundigt<span class=\"text_exposed_hide\">&#8230;<\/span><span class=\"text_exposed_show\">. Dabei war Clara ein wahrer Schatz und schnell der Liebling ihrer Pflegemama Sandra Lautner, die sich liebevoll um Clara k\u00fcmmerte.<br \/>\nObwohl die Prognose der \u00c4rzte anfangs nur wenige Monate lautete, schenkte das Schicksal Clara noch \u00fcber ein Jahr, das sie bei Sandra voller F\u00fcrsorge verbringen durfte, dort sogar noch kleine Ausfl\u00fcge in den Garten genoss und es ansonsten liebte, intensiv mit ihr und den anderen Pflegekatzen zu kuscheln.<br \/>\nDoch in den letzten Tagen ging es Clara sp\u00fcrbar schlechter und sie signalisierte, dass ihre Zeit gekommen war. So entschieden wir, diese wunderbare Katze nicht leiden zu lassen. Sie sollte so w\u00fcrdevoll gehen d\u00fcrfen, wie sie gelebt hatte.<br \/>\nWir danken Clara f\u00fcr die Zeit, die sie bei uns war und werden sie sicher niemals vergessen! Danke auch an Sandra Lautner, dass Du sie bis zum Ende begleitet hast!<\/span><\/p>\n<p><img loading=\"lazy\" decoding=\"async\" class=\"alignnone size-medium wp-image-629\" src=\"https:\/\/www.tierhilfeweidenberg.de\/wp-content\/uploads\/2017\/11\/23226947_10211963720672438_104051970_n-246x300.png\" alt=\"\" width=\"246\" height=\"300\" srcset=\"https:\/\/www.tierhilfeweidenberg.de\/wp-content\/uploads\/2017\/11\/23226947_10211963720672438_104051970_n-246x300.png 246w, https:\/\/www.tierhilfeweidenberg.de\/wp-content\/uploads\/2017\/11\/23226947_10211963720672438_104051970_n.png 436w\" sizes=\"auto, (max-width: 246px) 100vw, 246px\" \/><\/p>\n","protected":false},"excerpt":{"rendered":"<p>Am Nachmittag des 3. November 2017 blieb die Zeit f\u00fcr unseren Verein f\u00fcr einen Moment stehen. Wir mussten uns von Clara verabschieden, die viel mehr war als nur unser Maskottchen. &hellip; <a href=\"https:\/\/www.tierhilfeweidenberg.de\/en\/trauer-um-vereins-maskottchen-clara\/\" class=\"more-link\">Continue reading <span class=\"screen-reader-text\">Trauer um Vereins-Maskottchen Clara<\/span> <span class=\"meta-nav\">&rarr;<\/span><\/a><\/p>\n","protected":false},"author":2,"featured_media":0,"comment_status":"closed","ping_status":"open","sticky":false,"template":"","format":"standard","meta":{"_EventAllDay":false,"_EventTimezone":"","_EventStartDate":"","_EventEndDate":"","_EventStartDateUTC":"","_EventEndDateUTC":"","_EventShowMap":false,"_EventShowMapLink":false,"_EventURL":"","_EventCost":"","_EventCostDescription":"","_EventCurrencySymbol":"","_EventCurrencyCode":"","_EventCurrencyPosition":"","_EventDateTimeSeparator":"","_EventTimeRangeSeparator":"","_EventOrganizerID":[],"_EventVenueID":[],"_OrganizerEmail":"","_OrganizerPhone":"","_OrganizerWebsite":"","_VenueAddress":"","_VenueCity":"","_VenueCountry":"","_VenueProvince":"","_VenueState":"","_VenueZip":"","_VenuePhone":"","_VenueURL":"","_VenueStateProvince":"","_VenueLat":"","_VenueLng":"","_VenueShowMap":false,"_VenueShowMapLink":false,"footnotes":""},"categories":[1],"tags":[69,68],"class_list":["post-628","post","type-post","status-publish","format-standard","hentry","category-allgemein","tag-clara","tag-trauer"],"translation":{"provider":"WPGlobus","version":"3.0.2","language":"en","enabled_languages":["de","en"],"languages":{"de":{"title":true,"content":true,"excerpt":false},"en":{"title":false,"content":false,"excerpt":false}}},"rttpg_featured_image_url":null,"rttpg_author":{"display_name":"Tierhilfe Weidenberg","author_link":"https:\/\/www.tierhilfeweidenberg.de\/en\/author\/moderator\/"},"rttpg_comment":0,"rttpg_category":"<a href=\"https:\/\/www.tierhilfeweidenberg.de\/en\/category\/allgemein\/\" rel=\"category tag\">Allgemein<\/a>","rttpg_excerpt":"Am Nachmittag des 3. November 2017 blieb die Zeit f\u00fcr unseren Verein f\u00fcr einen Moment stehen. Wir mussten uns von Clara verabschieden, die viel mehr war als nur unser Maskottchen. &hellip; Continue reading Trauer um Vereins-Maskottchen Clara &rarr;","_links":{"self":[{"href":"https:\/\/www.tierhilfeweidenberg.de\/en\/wp-json\/wp\/v2\/posts\/628","targetHints":{"allow":["GET"]}}],"collection":[{"href":"https:\/\/www.tierhilfeweidenberg.de\/en\/wp-json\/wp\/v2\/posts"}],"about":[{"href":"https:\/\/www.tierhilfeweidenberg.de\/en\/wp-json\/wp\/v2\/types\/post"}],"author":[{"embeddable":true,"href":"https:\/\/www.tierhilfeweidenberg.de\/en\/wp-json\/wp\/v2\/users\/2"}],"replies":[{"embeddable":true,"href":"https:\/\/www.tierhilfeweidenberg.de\/en\/wp-json\/wp\/v2\/comments?post=628"}],"version-history":[{"count":1,"href":"https:\/\/www.tierhilfeweidenberg.de\/en\/wp-json\/wp\/v2\/posts\/628\/revisions"}],"predecessor-version":[{"id":630,"href":"https:\/\/www.tierhilfeweidenberg.de\/en\/wp-json\/wp\/v2\/posts\/628\/revisions\/630"}],"wp:attachment":[{"href":"https:\/\/www.tierhilfeweidenberg.de\/en\/wp-json\/wp\/v2\/media?parent=628"}],"wp:term":[{"taxonomy":"category","embeddable":true,"href":"https:\/\/www.tierhilfeweidenberg.de\/en\/wp-json\/wp\/v2\/categories?post=628"},{"taxonomy":"post_tag","embeddable":true,"href":"https:\/\/www.tierhilfeweidenberg.de\/en\/wp-json\/wp\/v2\/tags?post=628"}],"curies":[{"name":"wp","href":"https:\/\/api.w.org\/{rel}","templated":true}]}}