{"id":686,"date":"2017-12-06T19:02:40","date_gmt":"2017-12-06T18:02:40","guid":{"rendered":"http:\/\/www.tierhilfeweidenberg.de\/?p=686"},"modified":"2017-12-06T19:02:40","modified_gmt":"2017-12-06T18:02:40","slug":"danke-fuer-erloes-am-andreasmarkt-und-spenden","status":"publish","type":"post","link":"https:\/\/www.tierhilfeweidenberg.de\/en\/danke-fuer-erloes-am-andreasmarkt-und-spenden\/","title":{"rendered":"Danke f\u00fcr Erl\u00f6s am Andreasmarkt und Spenden!"},"content":{"rendered":"<p>Es ist \u00fcberw\u00e4ltigend, was grad passiert &#8211; vielleicht liegt es an Weihnachten? Eine Welle der Spendenbereitschaft \u00fcberrollt uns, so dass wir uns gar nicht namentlich bei allen bedanken k\u00f6nnen.<br \/>\nZum einen erreichten uns in den letzten Tagen per PayPal und \u00fcber das Bankkonto einige Geldspenden, auch speziell f\u00fcr unsere Tiere aus dem Amberg-Transport und um die Tierarztkosten f\u00fcr diese zu decken.<br \/>\n\u00dcber unsere Amazon-Wunschliste haben wir viele wichtige Sachspenden erhalten, die wir\u00a0<span class=\"text_exposed_show\"> zum Teil dringend ben\u00f6tigen, u. a. einen Kescher, eine neue Lebendfalle usw.<\/span><span class=\"text_exposed_show\"><br \/>\nDar\u00fcber hinaus haben sich immer wieder freundliche Menschen gemeldet, die uns gro\u00dfe und kleine Dinge vorbei gebracht haben, die wir f\u00fcr unsere Pflegestellen gut brauchen k\u00f6nnen, wie Einstreu, Futter und diverses Zubeh\u00f6r. <\/span><span class=\"text_exposed_show\">Am vergangenen Sonntag konnten wir beim Verkauf\u00a0an unserem Stand am Weidenberger Andreasmarkt einen Rekorderl\u00f6s erzielen.<br \/>\nWir danken jedem einzelnen Unterst\u00fctzer\u00a0von Herzen im Namen unserer Tiere und w\u00fcnschen allen eine friedliche Vorweihnachtszeit!<\/span><\/p>\n","protected":false},"excerpt":{"rendered":"<p>Es ist \u00fcberw\u00e4ltigend, was grad passiert &#8211; vielleicht liegt es an Weihnachten? Eine Welle der Spendenbereitschaft \u00fcberrollt uns, so dass wir uns gar nicht namentlich bei allen bedanken k\u00f6nnen. Zum &hellip; <a href=\"https:\/\/www.tierhilfeweidenberg.de\/en\/danke-fuer-erloes-am-andreasmarkt-und-spenden\/\" class=\"more-link\">Continue reading <span class=\"screen-reader-text\">Danke f\u00fcr Erl\u00f6s am Andreasmarkt und Spenden!<\/span> <span class=\"meta-nav\">&rarr;<\/span><\/a><\/p>\n","protected":false},"author":2,"featured_media":0,"comment_status":"closed","ping_status":"open","sticky":false,"template":"","format":"standard","meta":{"_EventAllDay":false,"_EventTimezone":"","_EventStartDate":"","_EventEndDate":"","_EventStartDateUTC":"","_EventEndDateUTC":"","_EventShowMap":false,"_EventShowMapLink":false,"_EventURL":"","_EventCost":"","_EventCostDescription":"","_EventCurrencySymbol":"","_EventCurrencyCode":"","_EventCurrencyPosition":"","_EventDateTimeSeparator":"","_EventTimeRangeSeparator":"","_EventOrganizerID":[],"_EventVenueID":[],"_OrganizerEmail":"","_OrganizerPhone":"","_OrganizerWebsite":"","_VenueAddress":"","_VenueCity":"","_VenueCountry":"","_VenueProvince":"","_VenueState":"","_VenueZip":"","_VenuePhone":"","_VenueURL":"","_VenueStateProvince":"","_VenueLat":"","_VenueLng":"","_VenueShowMap":false,"_VenueShowMapLink":false,"footnotes":""},"categories":[12],"tags":[],"class_list":["post-686","post","type-post","status-publish","format-standard","hentry","category-aktionen"],"translation":{"provider":"WPGlobus","version":"3.0.2","language":"en","enabled_languages":["de","en"],"languages":{"de":{"title":true,"content":true,"excerpt":false},"en":{"title":false,"content":false,"excerpt":false}}},"rttpg_featured_image_url":null,"rttpg_author":{"display_name":"Tierhilfe Weidenberg","author_link":"https:\/\/www.tierhilfeweidenberg.de\/en\/author\/moderator\/"},"rttpg_comment":0,"rttpg_category":"<a href=\"https:\/\/www.tierhilfeweidenberg.de\/en\/category\/aktionen\/\" rel=\"category tag\">Aktionen<\/a>","rttpg_excerpt":"Es ist \u00fcberw\u00e4ltigend, was grad passiert &#8211; vielleicht liegt es an Weihnachten? Eine Welle der Spendenbereitschaft \u00fcberrollt uns, so dass wir uns gar nicht namentlich bei allen bedanken k\u00f6nnen. Zum &hellip; Continue reading Danke f\u00fcr Erl\u00f6s am Andreasmarkt und Spenden! &rarr;","_links":{"self":[{"href":"https:\/\/www.tierhilfeweidenberg.de\/en\/wp-json\/wp\/v2\/posts\/686","targetHints":{"allow":["GET"]}}],"collection":[{"href":"https:\/\/www.tierhilfeweidenberg.de\/en\/wp-json\/wp\/v2\/posts"}],"about":[{"href":"https:\/\/www.tierhilfeweidenberg.de\/en\/wp-json\/wp\/v2\/types\/post"}],"author":[{"embeddable":true,"href":"https:\/\/www.tierhilfeweidenberg.de\/en\/wp-json\/wp\/v2\/users\/2"}],"replies":[{"embeddable":true,"href":"https:\/\/www.tierhilfeweidenberg.de\/en\/wp-json\/wp\/v2\/comments?post=686"}],"version-history":[{"count":1,"href":"https:\/\/www.tierhilfeweidenberg.de\/en\/wp-json\/wp\/v2\/posts\/686\/revisions"}],"predecessor-version":[{"id":687,"href":"https:\/\/www.tierhilfeweidenberg.de\/en\/wp-json\/wp\/v2\/posts\/686\/revisions\/687"}],"wp:attachment":[{"href":"https:\/\/www.tierhilfeweidenberg.de\/en\/wp-json\/wp\/v2\/media?parent=686"}],"wp:term":[{"taxonomy":"category","embeddable":true,"href":"https:\/\/www.tierhilfeweidenberg.de\/en\/wp-json\/wp\/v2\/categories?post=686"},{"taxonomy":"post_tag","embeddable":true,"href":"https:\/\/www.tierhilfeweidenberg.de\/en\/wp-json\/wp\/v2\/tags?post=686"}],"curies":[{"name":"wp","href":"https:\/\/api.w.org\/{rel}","templated":true}]}}