{"id":893,"date":"2018-04-17T15:10:50","date_gmt":"2018-04-17T13:10:50","guid":{"rendered":"http:\/\/www.tierhilfeweidenberg.de\/?p=893"},"modified":"2018-04-17T19:00:01","modified_gmt":"2018-04-17T17:00:01","slug":"danke-an-maler-haberkorn-aus-weidenberg","status":"publish","type":"post","link":"https:\/\/www.tierhilfeweidenberg.de\/en\/danke-an-maler-haberkorn-aus-weidenberg\/","title":{"rendered":"Danke an Maler Haberkorn aus Weidenberg"},"content":{"rendered":"<p><img loading=\"lazy\" decoding=\"async\" class=\"alignnone wp-image-871\" src=\"https:\/\/www.tierhilfeweidenberg.de\/wp-content\/uploads\/2018\/04\/IMG-20180415-WA0008-296x300.jpg\" alt=\"\" width=\"326\" height=\"330\" srcset=\"https:\/\/www.tierhilfeweidenberg.de\/wp-content\/uploads\/2018\/04\/IMG-20180415-WA0008-296x300.jpg 296w, https:\/\/www.tierhilfeweidenberg.de\/wp-content\/uploads\/2018\/04\/IMG-20180415-WA0008-768x780.jpg 768w, https:\/\/www.tierhilfeweidenberg.de\/wp-content\/uploads\/2018\/04\/IMG-20180415-WA0008.jpg 920w\" sizes=\"auto, (max-width: 326px) 100vw, 326px\" \/><\/p>\n<p><!--more--><\/p>\n<p>Anl\u00e4sslich der Leistungsschau in Seybothenreuth hat uns Herr Haberkorn eine Spendendose \u00fcberreicht. Er hat bei jedem Tag der offenen T\u00fcr, Andreasmarkt, Kellernacht oder zur Kerwa in seinem Laden am Obermarkt in Weidenberg f\u00fcr die Getr\u00e4nke die er ausgeschenkt hat nichts verlangt, sondern um eine Spende in unsere Dose gebeten.<\/p>\n<p>Vielen Dank noch einmal f\u00fcr die gut gef\u00fcllte Dose.<\/p>\n","protected":false},"excerpt":{"rendered":"","protected":false},"author":2,"featured_media":0,"comment_status":"closed","ping_status":"open","sticky":false,"template":"","format":"standard","meta":{"_EventAllDay":false,"_EventTimezone":"","_EventStartDate":"","_EventEndDate":"","_EventStartDateUTC":"","_EventEndDateUTC":"","_EventShowMap":false,"_EventShowMapLink":false,"_EventURL":"","_EventCost":"","_EventCostDescription":"","_EventCurrencySymbol":"","_EventCurrencyCode":"","_EventCurrencyPosition":"","_EventDateTimeSeparator":"","_EventTimeRangeSeparator":"","_EventOrganizerID":[],"_EventVenueID":[],"_OrganizerEmail":"","_OrganizerPhone":"","_OrganizerWebsite":"","_VenueAddress":"","_VenueCity":"","_VenueCountry":"","_VenueProvince":"","_VenueState":"","_VenueZip":"","_VenuePhone":"","_VenueURL":"","_VenueStateProvince":"","_VenueLat":"","_VenueLng":"","_VenueShowMap":false,"_VenueShowMapLink":false,"footnotes":""},"categories":[1],"tags":[],"class_list":["post-893","post","type-post","status-publish","format-standard","hentry","category-allgemein"],"translation":{"provider":"WPGlobus","version":"3.0.2","language":"en","enabled_languages":["de","en"],"languages":{"de":{"title":true,"content":true,"excerpt":false},"en":{"title":false,"content":false,"excerpt":false}}},"rttpg_featured_image_url":null,"rttpg_author":{"display_name":"Tierhilfe Weidenberg","author_link":"https:\/\/www.tierhilfeweidenberg.de\/en\/author\/moderator\/"},"rttpg_comment":0,"rttpg_category":"<a href=\"https:\/\/www.tierhilfeweidenberg.de\/en\/category\/allgemein\/\" rel=\"category tag\">Allgemein<\/a>","rttpg_excerpt":null,"_links":{"self":[{"href":"https:\/\/www.tierhilfeweidenberg.de\/en\/wp-json\/wp\/v2\/posts\/893","targetHints":{"allow":["GET"]}}],"collection":[{"href":"https:\/\/www.tierhilfeweidenberg.de\/en\/wp-json\/wp\/v2\/posts"}],"about":[{"href":"https:\/\/www.tierhilfeweidenberg.de\/en\/wp-json\/wp\/v2\/types\/post"}],"author":[{"embeddable":true,"href":"https:\/\/www.tierhilfeweidenberg.de\/en\/wp-json\/wp\/v2\/users\/2"}],"replies":[{"embeddable":true,"href":"https:\/\/www.tierhilfeweidenberg.de\/en\/wp-json\/wp\/v2\/comments?post=893"}],"version-history":[{"count":2,"href":"https:\/\/www.tierhilfeweidenberg.de\/en\/wp-json\/wp\/v2\/posts\/893\/revisions"}],"predecessor-version":[{"id":896,"href":"https:\/\/www.tierhilfeweidenberg.de\/en\/wp-json\/wp\/v2\/posts\/893\/revisions\/896"}],"wp:attachment":[{"href":"https:\/\/www.tierhilfeweidenberg.de\/en\/wp-json\/wp\/v2\/media?parent=893"}],"wp:term":[{"taxonomy":"category","embeddable":true,"href":"https:\/\/www.tierhilfeweidenberg.de\/en\/wp-json\/wp\/v2\/categories?post=893"},{"taxonomy":"post_tag","embeddable":true,"href":"https:\/\/www.tierhilfeweidenberg.de\/en\/wp-json\/wp\/v2\/tags?post=893"}],"curies":[{"name":"wp","href":"https:\/\/api.w.org\/{rel}","templated":true}]}}